{"id":9760,"date":"2025-02-19T14:29:00","date_gmt":"2025-02-19T14:29:00","guid":{"rendered":"https:\/\/www.asociacija.si\/si\/?p=9760"},"modified":"2025-04-07T13:20:22","modified_gmt":"2025-04-07T13:20:22","slug":"razpis-za-razvoj-in-izvedbo-projektov-na-podrocju-kulture-in-zdravja-v-sloveniji-2025","status":"publish","type":"post","link":"https:\/\/www.asociacija.si\/si\/2025\/02\/19\/razpis-za-razvoj-in-izvedbo-projektov-na-podrocju-kulture-in-zdravja-v-sloveniji-2025\/","title":{"rendered":"Razpis za razvoj in izvedbo projektov na podro\u010dju kulture in zdravja v Sloveniji 2025"},"content":{"rendered":"\n<p class=\"has-text-align-left\">Z velikim veseljem v letu 2025 v dru\u0161tvu tako objavljamo prvega v vrsti \u0161tirih nacionalnih razpisov za razvoj in izvedbo projektov na podro\u010dju kulture in zdravja! Z razpisom bomo podprli razvoj in izvedbo umetni\u0161kih ali kulturnih projektov, katerih cilj je izbolj\u0161ati zdravje in dobro po\u010dutje posameznikov ali skupnosti in izkazujejo zavedanje pomena interdisciplinarnega sodelovanja in delovanja na podro\u010djih zdravstva, sociale, oskrbe in\/ali izobra\u017eevanja ter potencial za razvoj trajnej\u0161ih praks. <\/p>\n\n\n\n<h4 class=\"wp-block-heading has-text-align-center\"><a href=\"https:\/\/drive.google.com\/file\/d\/1Rio8kZIiL-bBzPrutfJMqv-rWw5rxf-a\/view?usp=sharing\">BESEDILO RAZPISA<\/a><\/h4>\n\n\n\n<p class=\"has-text-align-left\">Razpis ni namenjen podpori \u017ee vzpostavljenih in uveljavljenih praks, temve\u010d vzpostavitvi novih ali razvoju \u017ee obstoje\u010dih. Predlog projekta naj tako vsebuje inovativen element, pa naj gre za kontekst, novo ciljno skupino, dodatne strokovnjake iz razli\u010dnih podro\u010dij, izvajalce \u2026<\/p>\n\n\n\n<!--more-->\n\n\n\n<h4 class=\"wp-block-heading has-text-align-center\"><a href=\"https:\/\/www.asociacija.si\/si\/2025\/04\/03\/faq-razpis-za-razvoj-in-izvedbo-projektov-na-podrocju-kulture-in-zdravja-v-sloveniji-2025\/\">NAJPOGOSTEJ\u0160A VPRA\u0160ANJA<\/a><\/h4>\n\n\n\n<p>Asociacija je \u010dlan platforme CultureAndHealth, ki jo sofinancira Evropska unija in si bo kot nacionalna to\u010dka platforme v Sloveniji prizadevala podpirati umetnike, ki delujejo na prese\u010di\u0161\u010du kulture ter zdravstva, sociale, izobra\u017eevanja in\/ali oskrbe. Aktivnosti Asociacije na podro\u010dju v okviru vloge Kultura za du\u0161evno zdravje podpira tudi Ministrstvo za javno upravo.<\/p>\n\n\n\n<h4 class=\"wp-block-heading has-text-align-center\"><a href=\"https:\/\/docs.google.com\/forms\/d\/e\/1FAIpQLSeiVWcCQZu0MxQqpDbd_zdFvBnE9khSvVhuVxlU_9eEosLMxA\/viewform?usp=header\">PRIJAVA<\/a><\/h4>\n","protected":false},"excerpt":{"rendered":"<p>Z velikim veseljem v letu 2025 v dru\u0161tvu tako objavljamo prvega v vrsti \u0161tirih nacionalnih razpisov za razvoj in izvedbo projektov na podro\u010dju kulture in zdravja! Z razpisom bomo podprli razvoj in izvedbo umetni\u0161kih ali kulturnih projektov, katerih cilj je izbolj\u0161ati zdravje in dobro po\u010dutje posameznikov ali skupnosti in izkazujejo zavedanje pomena interdisciplinarnega sodelovanja in &hellip; <a href=\"https:\/\/www.asociacija.si\/si\/2025\/02\/19\/razpis-za-razvoj-in-izvedbo-projektov-na-podrocju-kulture-in-zdravja-v-sloveniji-2025\/\" class=\"more-link\">Preberi ve\u010d o <span class=\"screen-reader-text\">Razpis za razvoj in izvedbo projektov na podro\u010dju kulture in zdravja v Sloveniji 2025<\/span><\/a><\/p>\n","protected":false},"author":5,"featured_media":0,"comment_status":"closed","ping_status":"closed","sticky":false,"template":"","format":"standard","meta":{"footnotes":""},"categories":[40,27,53,55,54,37,12,38,23],"tags":[],"class_list":["post-9760","post","type-post","status-publish","format-standard","hentry","category-aktualni-projekti","category-asociacija","category-culturehealth","category-kultura-zdravje","category-kultura-dusevno","category-kulturosfera","category-medsektorsko-povezovanje","category-obveznosti","category-samostojni-ustvarjalci"],"_links":{"self":[{"href":"https:\/\/www.asociacija.si\/si\/wp-json\/wp\/v2\/posts\/9760","targetHints":{"allow":["GET"]}}],"collection":[{"href":"https:\/\/www.asociacija.si\/si\/wp-json\/wp\/v2\/posts"}],"about":[{"href":"https:\/\/www.asociacija.si\/si\/wp-json\/wp\/v2\/types\/post"}],"author":[{"embeddable":true,"href":"https:\/\/www.asociacija.si\/si\/wp-json\/wp\/v2\/users\/5"}],"replies":[{"embeddable":true,"href":"https:\/\/www.asociacija.si\/si\/wp-json\/wp\/v2\/comments?post=9760"}],"version-history":[{"count":8,"href":"https:\/\/www.asociacija.si\/si\/wp-json\/wp\/v2\/posts\/9760\/revisions"}],"predecessor-version":[{"id":9906,"href":"https:\/\/www.asociacija.si\/si\/wp-json\/wp\/v2\/posts\/9760\/revisions\/9906"}],"wp:attachment":[{"href":"https:\/\/www.asociacija.si\/si\/wp-json\/wp\/v2\/media?parent=9760"}],"wp:term":[{"taxonomy":"category","embeddable":true,"href":"https:\/\/www.asociacija.si\/si\/wp-json\/wp\/v2\/categories?post=9760"},{"taxonomy":"post_tag","embeddable":true,"href":"https:\/\/www.asociacija.si\/si\/wp-json\/wp\/v2\/tags?post=9760"}],"curies":[{"name":"wp","href":"https:\/\/api.w.org\/{rel}","templated":true}]}}