{"id":9214,"date":"2024-07-18T14:56:18","date_gmt":"2024-07-18T14:56:18","guid":{"rendered":"https:\/\/www.asociacija.si\/si\/?p=9214"},"modified":"2024-07-31T17:09:25","modified_gmt":"2024-07-31T17:09:25","slug":"9214","status":"publish","type":"post","link":"https:\/\/www.asociacija.si\/si\/2024\/07\/18\/9214\/","title":{"rendered":"Uredba potrebna prenove, a spremembe morajo biti jasnej\u0161e"},"content":{"rendered":"\n<figure class=\"extendedwopts-md-center wp-block-image size-full is-resized\"><img loading=\"lazy\" decoding=\"async\" width=\"450\" height=\"300\" src=\"https:\/\/www.asociacija.si\/si\/wp-content\/uploads\/2020\/02\/unnamed1.jpg\" alt=\"\" class=\"wp-image-4943\" style=\"aspect-ratio:1.5;width:688px;height:auto\" srcset=\"https:\/\/www.asociacija.si\/si\/wp-content\/uploads\/2020\/02\/unnamed1.jpg 450w, https:\/\/www.asociacija.si\/si\/wp-content\/uploads\/2020\/02\/unnamed1-300x200.jpg 300w\" sizes=\"auto, (max-width: 450px) 100vw, 450px\" \/><figcaption class=\"wp-element-caption\">Foto: Nada \u017dgank@Bunker<\/figcaption><\/figure>\n\n\n\n<p><strong>V dru\u0161tvu Asociacija smo ob koncu javne razprave o predlogu sprememb Uredbe o samozaposlenih v kulturi na Ministrstvo za kulturo oddali na\u0161e komentarje, ki so plod ve\u010dtedenskega dialoga z \u010dlani dru\u0161tva in drugimi dele\u017eniki nevladne kulture. Besedilo sprememb je dostopno <\/strong><a href=\"https:\/\/e-uprava.gov.si\/si\/drzava-in-druzba\/e-demokracija\/predlogi-predpisov\/predlog-predpisa.html?id=16905\"><strong>tukaj<\/strong><\/a><strong>, celotno besedilo na\u0161ega odziva pa lahko preberete <a href=\"https:\/\/www.asociacija.si\/si\/wp-content\/uploads\/2024\/07\/Odziv-na-Uredbo_o_samozaposlenih_FIN.pdf\">tukaj<\/a>.<\/strong><\/p>\n\n\n\n<p>Spremembe po na\u0161em mnenju prina\u0161ajo prepotrebno prenovo sistema samozaposlenih in stopajo na pravo pot uveljavljanja ve\u010djih socialnih in drugih pravic za ta pomemben element slovenske neodvisen kulture. A hkrati \u0161tevilne nenatan\u010dnosti in pomanjkljivosti zmanj\u0161ajo u\u010dinkovitost nove zakonodaje, ki mi mestoma lahko delovala celo \u0161kodljivo. V na\u0161em predlogu smo poleg nekaj vsebinskih predlogov, predlagali nekaj klju\u010dnih sprememb, ki bi ve\u010dje nejasnosti v predlaganem dokumentu odpravile.&nbsp;<\/p>\n\n\n\n<!--more-->\n\n\n\n<p>V Dru\u0161tvu Asociacija se odzivamo na predlog sprememb Uredbe o samozaposlenih v kulturi, objavljen 12. junija 2024 na spletnih straneh Ministrstva za kulturo in portalu e-demokracija. Predlog uredbe uvaja pomembne re\u0161itve, ki lahko izbolj\u0161ajo polo\u017eaj samozaposlenih v kulturi, vendar menimo, da nekatere segmente ne opredeljuje dovolj natan\u010dno.<\/p>\n\n\n\n<p>Ocenjujemo, da bi predlog z dolo\u010denimi spremembami lahko bistveno izbolj\u0161al socialne pravice, karierni razvoj in gmotni polo\u017eaj samozaposlenih v kulturi. Predlagatelje pozivamo, da pripombe vklju\u010dijo tudi v Zakon o uresni\u010devanju javnega interesa za kulturo.<\/p>\n\n\n\n<p>Polo\u017eaj samozaposlenih v kulturi je nezavidljiv, ureditev pa zastarela in neustrezna. Zato pozivamo dr\u017eavo in ministrstvo, naj prenovita zakonodajo in ureditev na na\u010din, da okrepita socialne pravice samozaposlenih, zagotovita ustrezno vrednotenje kulturnega dela in pogoje za profesionalizacijo samozaposlenih v kulturi.<\/p>\n\n\n\n<p>Obenem opozarjamo na alarmantno stanje financiranja kulture iz javnih sredstev, kar negativno vpliva na delovanje in finan\u010dno stabilnost samozaposlenih v kulturi. Pozdravljamo napore za izbolj\u0161anje socialnega polo\u017eaja samozaposlenih, vendar je nujno, da dr\u017eava zagotovi potrebna sredstva za izvedbo reform.<\/p>\n\n\n\n<p>Uredba o samozaposlenih v kulturi ureja pogoje in postopek vpisa posameznikov v razvid samozaposlenih v kulturi pri Ministrstvu za kulturo ter pravico do pla\u010dila prispevkov za socialno varnost iz dr\u017eavnega prora\u010duna.&nbsp;<\/p>\n\n\n\n<p>Vklju\u010duje dolo\u010dila o:<\/p>\n\n\n\n<ul class=\"wp-block-list\">\n<li>Pogojih za vpis v razvid samozaposlenih, ki so v njej natan\u010dneje opredeljeni.<\/li>\n<\/ul>\n\n\n\n<ul class=\"wp-block-list\">\n<li>Postopek vpisa in izbrisa iz razvida in o organih vklju\u010denih v postopke povezane z vpisom in izbrisom.<\/li>\n<\/ul>\n\n\n\n<ul class=\"wp-block-list\">\n<li>Pravici do pla\u010dila prispevkov za socialno varnost za katere lahko zaprosijo Samozaposleni iz dr\u017eavnega prora\u010duna, \u010de njihovo delo predstavlja izjemen kulturni prispevek ali prispevek k razvoju deficitarnih poklicev.<\/li>\n<\/ul>\n\n\n\n<ul class=\"wp-block-list\">\n<li>Dohodkovnem cenzusu, ki dolo\u010da dovoljen finan\u010dni polo\u017eaj samozaposlenega, da je lahko upravi\u010denec do pla\u010dila prispevkov s strani ministrstva<\/li>\n<\/ul>\n\n\n\n<ul class=\"wp-block-list\">\n<li>Vsebina in dokazila vloge za priznanje pravice do pla\u010dila prispevkov: Vloga mora vsebovati dokazila o izjemnem kulturnem prispevku, dohodninske odlo\u010dbe, in druge ustrezne dokumente.<\/li>\n<\/ul>\n\n\n\n<ul class=\"wp-block-list\">\n<li>Uveljavljanju pravice do pla\u010dila prispevkov in administrativnih postopkih, ki jih morajo samozaposleni vsako leto opraviti za uveljavljanje pravice.<\/li>\n<\/ul>\n\n\n\n<p>Poleg omenjenega uredba vklju\u010duje tudi zelo pomembne priloge, ki natan\u010dneje dolo\u010dajo specializirane in deficitarne poklice ter podrobne kvantitativne in kvalitativne kriterije za ocenjevanje kulturnih prispevkov.<\/p>\n\n\n\n<p>Kot so v spremni besedi ob vlo\u017eitvi predloga zapisali na ministrstvu, je ekonomski polo\u017eaj samozaposlenih v kulturi zaskrbljujo\u010d, s \u010demer se v dru\u0161tvu strinjamo. Analiza Finan\u010dne uprave Republike Slovenije za leto 2021 ka\u017ee, da 37 % samozaposlenih v kulturi zaslu\u017ei manj od bruto minimalne pla\u010de, 80 % pa manj od bruto povpre\u010dne pla\u010de v Sloveniji. Predlagane spremembe po besedah ministrstva predstavljajo prvi del \u0161ir\u0161e reforme statusa samozaposlenih v kulturi. Klju\u010dna sprememba uredbe je uvedba \u0161tirih kariernih razredov, ki bodo samozaposlenim zagotavljali ve\u010djo socialno varnost skozi razli\u010dna \u017eivljenjska obdobja.<\/p>\n","protected":false},"excerpt":{"rendered":"<p>V dru\u0161tvu Asociacija smo ob koncu javne razprave o predlogu sprememb Uredbe o samozaposlenih v kulturi na Ministrstvo za kulturo oddali na\u0161e komentarje, ki so plod ve\u010dtedenskega dialoga z \u010dlani dru\u0161tva in drugimi dele\u017eniki nevladne kulture. Besedilo sprememb je dostopno tukaj, celotno besedilo na\u0161ega odziva pa lahko preberete tukaj. Spremembe po na\u0161em mnenju prina\u0161ajo prepotrebno &hellip; <a href=\"https:\/\/www.asociacija.si\/si\/2024\/07\/18\/9214\/\" class=\"more-link\">Preberi ve\u010d o <span class=\"screen-reader-text\">Uredba potrebna prenove, a spremembe morajo biti jasnej\u0161e<\/span><\/a><\/p>\n","protected":false},"author":5,"featured_media":0,"comment_status":"closed","ping_status":"closed","sticky":false,"template":"","format":"standard","meta":{"footnotes":""},"categories":[27,6,37,14,12,26,15,3,23,13],"tags":[],"class_list":["post-9214","post","type-post","status-publish","format-standard","hentry","category-asociacija","category-dogodki","category-kulturosfera","category-lokalno","category-medsektorsko-povezovanje","category-ministrstvo-za-kulturo","category-nacionalno","category-novice","category-samostojni-ustvarjalci","category-zagovornistvo"],"_links":{"self":[{"href":"https:\/\/www.asociacija.si\/si\/wp-json\/wp\/v2\/posts\/9214","targetHints":{"allow":["GET"]}}],"collection":[{"href":"https:\/\/www.asociacija.si\/si\/wp-json\/wp\/v2\/posts"}],"about":[{"href":"https:\/\/www.asociacija.si\/si\/wp-json\/wp\/v2\/types\/post"}],"author":[{"embeddable":true,"href":"https:\/\/www.asociacija.si\/si\/wp-json\/wp\/v2\/users\/5"}],"replies":[{"embeddable":true,"href":"https:\/\/www.asociacija.si\/si\/wp-json\/wp\/v2\/comments?post=9214"}],"version-history":[{"count":6,"href":"https:\/\/www.asociacija.si\/si\/wp-json\/wp\/v2\/posts\/9214\/revisions"}],"predecessor-version":[{"id":9252,"href":"https:\/\/www.asociacija.si\/si\/wp-json\/wp\/v2\/posts\/9214\/revisions\/9252"}],"wp:attachment":[{"href":"https:\/\/www.asociacija.si\/si\/wp-json\/wp\/v2\/media?parent=9214"}],"wp:term":[{"taxonomy":"category","embeddable":true,"href":"https:\/\/www.asociacija.si\/si\/wp-json\/wp\/v2\/categories?post=9214"},{"taxonomy":"post_tag","embeddable":true,"href":"https:\/\/www.asociacija.si\/si\/wp-json\/wp\/v2\/tags?post=9214"}],"curies":[{"name":"wp","href":"https:\/\/api.w.org\/{rel}","templated":true}]}}