{"id":9170,"date":"2024-06-19T11:07:43","date_gmt":"2024-06-19T11:07:43","guid":{"rendered":"https:\/\/www.asociacija.si\/si\/?p=9170"},"modified":"2024-06-28T11:57:25","modified_gmt":"2024-06-28T11:57:25","slug":"korenite-spremembe-uredbe-o-samozaposlenih-v-kulturi","status":"publish","type":"post","link":"https:\/\/www.asociacija.si\/si\/2024\/06\/19\/korenite-spremembe-uredbe-o-samozaposlenih-v-kulturi\/","title":{"rendered":"Korenite spremembe uredbe o samozaposlenih v kulturi"},"content":{"rendered":"\n<p><\/p>\n\n\n\n<figure class=\"wp-block-image size-full is-resized\"><img loading=\"lazy\" decoding=\"async\" width=\"800\" height=\"450\" src=\"https:\/\/www.asociacija.si\/si\/wp-content\/uploads\/2020\/08\/unnamed.jpg\" alt=\"\" class=\"wp-image-5644\" style=\"aspect-ratio:1.7777777777777777;width:690px;height:auto\" srcset=\"https:\/\/www.asociacija.si\/si\/wp-content\/uploads\/2020\/08\/unnamed.jpg 800w, https:\/\/www.asociacija.si\/si\/wp-content\/uploads\/2020\/08\/unnamed-300x169.jpg 300w, https:\/\/www.asociacija.si\/si\/wp-content\/uploads\/2020\/08\/unnamed-768x432.jpg 768w\" sizes=\"auto, (max-width: 800px) 100vw, 800px\" \/><figcaption class=\"wp-element-caption\">Foto: Nada \u017dgank@Bunker<\/figcaption><\/figure>\n\n\n\n<p><strong>Ministrstvo za kulturo Republike Slovenije je v javno razpravo vlo\u017eilo predlog <a href=\"https:\/\/e-uprava.gov.si\/si\/drzava-in-druzba\/e-demokracija\/predlogi-predpisov\/predlog-predpisa.html?id=16905\">Uredbe o dopolnitvah in spremembah uredbe o samozaposlenih v Kultur<\/a>i. Predloge in komentarje je mo\u017eno oddati do 15. julija, va\u0161e vsebinske komentarje in pripombe pa sprejemamo tudi v Asociaciji na na\u0161 elektronski naslov <a href=\"mailto:info@asociacija.si\">info@asociacija.si<\/a><\/strong>.<\/p>\n\n\n\n<p><strong>Uredba predvideva \u0161tevilne spremembe na podro\u010dju ureditve samozaposlenih, med drugim tudi uvajanje karierne dinamike in razdelitev samozaposlenih v kulturi na 4 razrede. V Asociaciji bomo predlog natan\u010dno preu\u010dili in o njem govorili z vsemi relevantnimi akterji v sektorju, ter ministrstvu posredovali na\u0161 predlog za izbolj\u0161anje enega temeljnih dokumentov kulturne politike na podro\u010dju nevladne kulture.<\/strong><\/p>\n\n\n\n<!--more-->\n\n\n\n<p>Uredba o samozaposlenih v kulturi ureja pogoje in postopek vpisa posameznikov v razvid samozaposlenih v kulturi pri Ministrstvu za kulturo ter pravico do pla\u010dila prispevkov za socialno varnost iz dr\u017eavnega prora\u010duna.&nbsp;<\/p>\n\n\n\n<p>Vklju\u010duje dolo\u010dila o:<\/p>\n\n\n\n<ul class=\"wp-block-list\">\n<li>Pogojih za vpis v razvid samozaposlenih, ki so v njej natan\u010dneje opredeljeni.<\/li>\n<\/ul>\n\n\n\n<ul class=\"wp-block-list\">\n<li>Postopek vpisa in izbrisa iz razvida in o organih vklju\u010denih v postopke povezane z vpisom in izbrisom.<\/li>\n\n\n\n<li>Pravici do pla\u010dila prispevkov za socialno varnost za katere lahko zaprosijo Samozaposleni iz dr\u017eavnega prora\u010duna, \u010de njihovo delo predstavlja izjemen kulturni prispevek ali prispevek k razvoju deficitarnih poklicev.<\/li>\n\n\n\n<li>Dohodkovnem cenzusu, ki dolo\u010da dovoljen finan\u010dni polo\u017eaj samozaposlenega, da je lahko upravi\u010denec do pla\u010dila prispevkov s strani ministrstva<\/li>\n\n\n\n<li>Vsebina in dokazila vloge za priznanje pravice do pla\u010dila prispevkov: Vloga mora vsebovati dokazila o izjemnem kulturnem prispevku, dohodninske odlo\u010dbe, in druge ustrezne dokumente.<\/li>\n\n\n\n<li>Uveljavljanju pravice do pla\u010dila prispevkov in administrativnih postopkih, ki jih morajo samozaposleni vsako leto opraviti za uveljavljanje pravice.<\/li>\n<\/ul>\n\n\n\n<p>Poleg omenjenega uredba vklju\u010duje tudi zelo pomembne priloge, ki natan\u010dneje dolo\u010dajo specializirane in deficitarne poklice ter podrobne kvantitativne in kvalitativne kriterije za ocenjevanje kulturnih prispevkov.<\/p>\n\n\n\n<p>Kot so v spremni besedi ob vlo\u017eitvi predloga zapisali na ministrstvu, je ekonomski polo\u017eaj samozaposlenih v kulturi zaskrbljujo\u010d, s \u010demer se v dru\u0161tvu strinjamo. Analiza Finan\u010dne uprave Republike Slovenije za leto 2021 ka\u017ee, da 37 % samozaposlenih v kulturi zaslu\u017ei manj od bruto minimalne pla\u010de, 80 % pa manj od bruto povpre\u010dne pla\u010de v Sloveniji. Predlagane spremembe po besedah ministrstva predstavljajo prvi del \u0161ir\u0161e reforme statusa samozaposlenih v kulturi. Klju\u010dna sprememba uredbe je uvedba \u0161tirih kariernih razredov, ki bodo samozaposlenim zagotavljali ve\u010djo socialno varnost skozi razli\u010dna \u017eivljenjska obdobja.<\/p>\n\n\n\n<p>Ministrstvo je v novi uredbi izpostavilo slede\u010de klju\u010dne spremembe:<\/p>\n\n\n\n<ol class=\"wp-block-list\">\n<li><strong>Karierni razredi:<\/strong> Uvedba \u0161tirih kariernih razredov, od Samozaposlen v kulturi IV (za\u010detni razred) do Samozaposlen v kulturi I (najvi\u0161ji razred). Ta struktura omogo\u010da prilagoditev socialnih pravic glede na karierno stopnjo.<\/li>\n\n\n\n<li><strong>Pogoji za status in pravice:<\/strong> V najvi\u0161ja razreda (I in II) bo vstop odvisen od delovne dobe (30 oziroma 20 let). Za preostala razreda teh pogojev ni, splo\u0161ni pogoji za vpis v razvid pa ostajajo enaki.<\/li>\n\n\n\n<li><strong>Avtomatska prevedba:<\/strong> Obstoje\u010di samozaposleni bodo avtomati\u010dno prevedeni v razred III, brez dodatnih aktivnosti. Za napredovanje v vi\u0161je razrede bo potrebna vloga.<\/li>\n\n\n\n<li><strong>Merila za status in prispevke:<\/strong> Merila za pridobitev statusa in pravice do pla\u010dila prispevkov se poenotijo in postanejo bolj modularna. Nova uredba poudarja na\u010delo &#8220;vsako delo \u0161teje&#8221;, kar vklju\u010duje tudi nepla\u010dana dela (izobra\u017eevanje, mentoriranje, organizacija).<\/li>\n\n\n\n<li><strong>Sprememba seznama poklicev:<\/strong> Posodobljen in raz\u0161irjen seznam poklicev samozaposlenih v kulturi, vklju\u010dno z novimi poklici, vezanimi na sodobne umetni\u0161ke in tehnolo\u0161ke postopke.<\/li>\n\n\n\n<li><strong>Podalj\u0161anje obdobja presoje:<\/strong> Ustrezno podalj\u0161anje obdobja presoje dose\u017ekov za samozaposlene, ki so bili odsotni zaradi materinskega, o\u010detovskega ali star\u0161evskega dopusta, skrbi za dru\u017einske \u010dlane ali dalj\u0161e bolezni.<\/li>\n<\/ol>\n\n\n\n<p>V dru\u0161tvu bomo te trditve ministrstva in uredbo ter njene pri\u010dakovane u\u010dinke natan\u010dno ocenili in na\u0161a priporo\u010dila v sklopu javne razprave posredovali odgovornim.<\/p>\n","protected":false},"excerpt":{"rendered":"<p>Ministrstvo za kulturo Republike Slovenije je v javno razpravo vlo\u017eilo predlog Uredbe o dopolnitvah in spremembah uredbe o samozaposlenih v Kulturi. Predloge in komentarje je mo\u017eno oddati do 15. julija, va\u0161e vsebinske komentarje in pripombe pa sprejemamo tudi v Asociaciji na na\u0161 elektronski naslov info@asociacija.si. Uredba predvideva \u0161tevilne spremembe na podro\u010dju ureditve samozaposlenih, med drugim &hellip; <a href=\"https:\/\/www.asociacija.si\/si\/2024\/06\/19\/korenite-spremembe-uredbe-o-samozaposlenih-v-kulturi\/\" class=\"more-link\">Preberi ve\u010d o <span class=\"screen-reader-text\">Korenite spremembe uredbe o samozaposlenih v kulturi<\/span><\/a><\/p>\n","protected":false},"author":5,"featured_media":0,"comment_status":"closed","ping_status":"closed","sticky":false,"template":"","format":"standard","meta":{"footnotes":""},"categories":[27,37,26,15,3,23,13],"tags":[],"class_list":["post-9170","post","type-post","status-publish","format-standard","hentry","category-asociacija","category-kulturosfera","category-ministrstvo-za-kulturo","category-nacionalno","category-novice","category-samostojni-ustvarjalci","category-zagovornistvo"],"_links":{"self":[{"href":"https:\/\/www.asociacija.si\/si\/wp-json\/wp\/v2\/posts\/9170","targetHints":{"allow":["GET"]}}],"collection":[{"href":"https:\/\/www.asociacija.si\/si\/wp-json\/wp\/v2\/posts"}],"about":[{"href":"https:\/\/www.asociacija.si\/si\/wp-json\/wp\/v2\/types\/post"}],"author":[{"embeddable":true,"href":"https:\/\/www.asociacija.si\/si\/wp-json\/wp\/v2\/users\/5"}],"replies":[{"embeddable":true,"href":"https:\/\/www.asociacija.si\/si\/wp-json\/wp\/v2\/comments?post=9170"}],"version-history":[{"count":3,"href":"https:\/\/www.asociacija.si\/si\/wp-json\/wp\/v2\/posts\/9170\/revisions"}],"predecessor-version":[{"id":9186,"href":"https:\/\/www.asociacija.si\/si\/wp-json\/wp\/v2\/posts\/9170\/revisions\/9186"}],"wp:attachment":[{"href":"https:\/\/www.asociacija.si\/si\/wp-json\/wp\/v2\/media?parent=9170"}],"wp:term":[{"taxonomy":"category","embeddable":true,"href":"https:\/\/www.asociacija.si\/si\/wp-json\/wp\/v2\/categories?post=9170"},{"taxonomy":"post_tag","embeddable":true,"href":"https:\/\/www.asociacija.si\/si\/wp-json\/wp\/v2\/tags?post=9170"}],"curies":[{"name":"wp","href":"https:\/\/api.w.org\/{rel}","templated":true}]}}