{"id":8943,"date":"2024-02-29T14:34:59","date_gmt":"2024-02-29T14:34:59","guid":{"rendered":"https:\/\/www.asociacija.si\/si\/?p=8943"},"modified":"2024-02-29T15:10:16","modified_gmt":"2024-02-29T15:10:16","slug":"je-vlada-drzala-predvolilne-obljube-v-sklopu-iniciative-glas-ljudstva-smo-preverili-dosedanje-delo-vlade","status":"publish","type":"post","link":"https:\/\/www.asociacija.si\/si\/2024\/02\/29\/je-vlada-drzala-predvolilne-obljube-v-sklopu-iniciative-glas-ljudstva-smo-preverili-dosedanje-delo-vlade\/","title":{"rendered":"Je vlada dr\u017eala predvolilne obljube? V sklopu iniciative Glas Ljudstva smo preverili dosedanje delo vlade"},"content":{"rendered":"\n<figure class=\"wp-block-image size-large\"><img loading=\"lazy\" decoding=\"async\" width=\"1024\" height=\"683\" src=\"https:\/\/www.asociacija.si\/si\/wp-content\/uploads\/2024\/02\/DSCF3361-min-1024x683.jpg\" alt=\"\" class=\"wp-image-8959\" srcset=\"https:\/\/www.asociacija.si\/si\/wp-content\/uploads\/2024\/02\/DSCF3361-min-1024x683.jpg 1024w, https:\/\/www.asociacija.si\/si\/wp-content\/uploads\/2024\/02\/DSCF3361-min-300x200.jpg 300w, https:\/\/www.asociacija.si\/si\/wp-content\/uploads\/2024\/02\/DSCF3361-min-768x512.jpg 768w, https:\/\/www.asociacija.si\/si\/wp-content\/uploads\/2024\/02\/DSCF3361-min-1536x1024.jpg 1536w, https:\/\/www.asociacija.si\/si\/wp-content\/uploads\/2024\/02\/DSCF3361-min-2048x1365.jpg 2048w\" sizes=\"auto, (max-width: 1024px) 100vw, 1024px\" \/><\/figure>\n\n\n\n<p class=\"has-text-align-center\">Foto: Glas Ljudstva<\/p>\n\n\n\n<p><strong>V Ljubljani je 27. 2. 2024 potekala tiskovna konferenca in predstavitev monitoringa vladnih zavez, ki ga vse od za\u010detka mandata trenutne vlade opravlja iniciativa Glas Ljudstva, katerega \u010dlanica je tudi Asociacija. <\/strong><\/p>\n\n\n\n<p>Na predstavitvi smo koordinatorji strokovnih skupin iniciative predstavili ugotovitve s svojih podro\u010dji in ocenili delo vlade na podro\u010djih, kjer so pred volitvami podpisali predvolilne obljube. Rezultati monitoringa so dostopni <a href=\"https:\/\/glas-ljudstva.si\/monitoring\/\" data-type=\"link\" data-id=\"https:\/\/glas-ljudstva.si\/monitoring\/\">tukaj<\/a> v grobem pa smo v iniciativi ocenili, da je vladno delo na obljubljenih podro\u010djih v letu 2023 mo\u010dno stagniralo.<\/p>\n\n\n\n<!--more-->\n\n\n\n<p>Za nami je drugo obdobje monitoringa v katerem smo delo vlade na podro\u010dju kulture do novembra 2023 primerjali s predvolilnimi obljubami in ugotovitvami prej\u0161njega kroga monitoringa. To smo storili s pregledom sedmih klju\u010dnih vsebinskih sklopov, na katere so se na podro\u010dju kulture v svojih volilnih programih osredoto\u010dile vladne stranke. Natan\u010dno poro\u010dilo celotnega monitoringa bo na voljo januarja 2024.<\/p>\n\n\n\n<p>Za ve\u010dino predvolilnih obljub vlade lahko ugotovimo, da (\u0161e) niso izpolnjene oziroma so v izvajanju. Med glavnimi razlogi za to je dejstvo, da najbolj bistvene predloge sprememb in dokumentov na podro\u010dju kulture, kot sta na primer nova Uredba o samozaposlenih ali Nacionalni program za kulturo na na\u0161o mizo niso pri\u0161le pravo\u010dasno, da bi jih \u0161e lahko vklju\u010dili v ta krog monitoringa. Na dru\u0161tvu sicer trenutno intenzivno preu\u010dujemo predlog novega NPK, o katerem bomo ve\u010d govorili v prihodnjih tednih.<\/p>\n\n\n\n<p>Sredstva za nevladno kulturo se sicer na splo\u0161no pove\u010dujejo, kar pozdravljamo, a ob tem se odpirajo \u0161tevilna nova vpra\u0161anja o njihovi razporeditvi, povezana na primer s postprodukcijo v projektnih razpisih, ve\u010djo koncentracijo razpisnih sredstev in ve\u010danjem sredstev namenjenih za ustvarjalnost samostojnih ustvarjalcev in ustvarjalk. Ob tem so nekatere napovedi prora\u010dunov in razpisnih sredstev za 2024 manj vzpodbudne. Premalo sredstev je bilo na voljo za programske vsebine nepridobitnih, \u0161tudentskih in lokalnih radijskih ter televizijskih programov, pozdravljamo pa dejstvo, da je Ministrstvo prepoznalo podporno delovanje v kulturi kot dejavnost, ki si zaslu\u017ei sistemske podpore.<\/p>\n\n\n\n<p>Vladni odziv po ujmi je bil na podro\u010dju kulture ustrezen, a zdaj so na vrsti dolgotrajni postopki obnove, kjer specifi\u010dne korake odgovornih \u0161e \u010dakamo. Obljubljenih dav\u010dnih olaj\u0161av in administrativnih razbremenitev, razen digitalizacije nekaterih razpisov, pa ni. Ministrstvo je bilo v preteklem obdobju hkrati ve\u010dkrat pozvano, naj zagotovi ukrep za boj kulture proti u\u010dinkom draginje in inflacije. Na ta poziv je sicer pripravilo ukrep, vendar je z njegovo uveljavitvijo precej odla\u0161alo, poleg tega pa ni naslovil najbolj prizadetih organizacij. Prav tako zaostajajo spremembe na podro\u010dju socialnih pravic samozaposlenih, deloma tudi zaradi zastojev v postopkih. Ministrstvo je na na poziv stroke in dru\u0161tva Asociacija sicer naslovilo nekatere pere\u010de probleme, na primer dvig dnevnega nadomestila zaradi zadr\u017eanosti od dela zaradi bolezni, a ta \u0161e vedno ostaja pod pragom rev\u0161\u010dine. Dodatno oslabljenemu polo\u017eaju slovenske neodvisne kulture, tudi v mednarodnem kontekstu, botrujejo docela nezadostna sredstva iz sklada za NVO pri Ministrstvu za javno upravo, ki je namenjen sofinanciranju EU projektov. Stanje zastoja na MJU ter o\u017eje na Sektorju za NVO pri ministrstvu je zaskrbljujo\u010de, razpisi, ukrepi in sprejemanje strate\u0161kih usmeritev pa zastajajo.<\/p>\n\n\n\n<p>Vlada je sicer naslovila nekatere predvolilne obljube in je na primer podpisala nove petletne pogodbe z NVO, ki delujejo na naslovu Metelkova 6, Ni pa \u0161e razre\u0161eno vpra\u0161anje skupnosti PLAC. Prav tako je Ministrstvo po nam razpolo\u017eljivih informacijah razre\u0161ilo vpra\u0161anje organizacij, ki so ministrstvo to\u017eile zaradi spornih odlo\u010ditev o programskem in projektnem financiranju.<\/p>\n","protected":false},"excerpt":{"rendered":"<p>Foto: Glas Ljudstva V Ljubljani je 27. 2. 2024 potekala tiskovna konferenca in predstavitev monitoringa vladnih zavez, ki ga vse od za\u010detka mandata trenutne vlade opravlja iniciativa Glas Ljudstva, katerega \u010dlanica je tudi Asociacija. Na predstavitvi smo koordinatorji strokovnih skupin iniciative predstavili ugotovitve s svojih podro\u010dji in ocenili delo vlade na podro\u010djih, kjer so pred &hellip; <a href=\"https:\/\/www.asociacija.si\/si\/2024\/02\/29\/je-vlada-drzala-predvolilne-obljube-v-sklopu-iniciative-glas-ljudstva-smo-preverili-dosedanje-delo-vlade\/\" class=\"more-link\">Preberi ve\u010d o <span class=\"screen-reader-text\">Je vlada dr\u017eala predvolilne obljube? V sklopu iniciative Glas Ljudstva smo preverili dosedanje delo vlade<\/span><\/a><\/p>\n","protected":false},"author":5,"featured_media":0,"comment_status":"closed","ping_status":"closed","sticky":false,"template":"","format":"standard","meta":{"footnotes":""},"categories":[27,6,37,12,26,15,22,3,23,13],"tags":[],"class_list":["post-8943","post","type-post","status-publish","format-standard","hentry","category-asociacija","category-dogodki","category-kulturosfera","category-medsektorsko-povezovanje","category-ministrstvo-za-kulturo","category-nacionalno","category-nevladne-organizacije","category-novice","category-samostojni-ustvarjalci","category-zagovornistvo"],"_links":{"self":[{"href":"https:\/\/www.asociacija.si\/si\/wp-json\/wp\/v2\/posts\/8943","targetHints":{"allow":["GET"]}}],"collection":[{"href":"https:\/\/www.asociacija.si\/si\/wp-json\/wp\/v2\/posts"}],"about":[{"href":"https:\/\/www.asociacija.si\/si\/wp-json\/wp\/v2\/types\/post"}],"author":[{"embeddable":true,"href":"https:\/\/www.asociacija.si\/si\/wp-json\/wp\/v2\/users\/5"}],"replies":[{"embeddable":true,"href":"https:\/\/www.asociacija.si\/si\/wp-json\/wp\/v2\/comments?post=8943"}],"version-history":[{"count":2,"href":"https:\/\/www.asociacija.si\/si\/wp-json\/wp\/v2\/posts\/8943\/revisions"}],"predecessor-version":[{"id":8971,"href":"https:\/\/www.asociacija.si\/si\/wp-json\/wp\/v2\/posts\/8943\/revisions\/8971"}],"wp:attachment":[{"href":"https:\/\/www.asociacija.si\/si\/wp-json\/wp\/v2\/media?parent=8943"}],"wp:term":[{"taxonomy":"category","embeddable":true,"href":"https:\/\/www.asociacija.si\/si\/wp-json\/wp\/v2\/categories?post=8943"},{"taxonomy":"post_tag","embeddable":true,"href":"https:\/\/www.asociacija.si\/si\/wp-json\/wp\/v2\/tags?post=8943"}],"curies":[{"name":"wp","href":"https:\/\/api.w.org\/{rel}","templated":true}]}}