{"id":8850,"date":"2024-01-16T13:13:56","date_gmt":"2024-01-16T13:13:56","guid":{"rendered":"https:\/\/www.asociacija.si\/si\/?p=8850"},"modified":"2024-01-16T13:13:57","modified_gmt":"2024-01-16T13:13:57","slug":"vabljeni-na-spletni-dogodek-artist-in-focus-na-temo-karierna-podpora","status":"publish","type":"post","link":"https:\/\/www.asociacija.si\/si\/2024\/01\/16\/vabljeni-na-spletni-dogodek-artist-in-focus-na-temo-karierna-podpora\/","title":{"rendered":"Vabljeni na spletni dogodek Artist in focus na temo: &#8220;Karierna podpora&#8221;"},"content":{"rendered":"\n<p><strong>Evropsko zdru\u017eenje neodvisnih uprizoritvenih umetnosti (<a href=\"https:\/\/eaipa.eu\/\">EAIPA<\/a>), katerega \u010dlanica je tudi Asociacija, predsednica dru\u0161tva Inga Remeta pa v njem deluje kot podpredsednica,<\/strong>\u00a0<strong>vabi na drugi dogodek v <a href=\"https:\/\/eaipa.eu\/artist-in-focus-a-series-of-online-events-14h-16h-cet\/\">seriji spletnih dogodkov <em>Artist In Focus<\/em><\/a><\/strong>.<\/p>\n\n\n\n<p>V tokratnem sklopu spletnih predavanj, ki bodo potekala od novembra do maja, se bodo \u0161e posebej osredoto\u010dili na podro\u010dje karierne dinamike in krepitve kariernih prilo\u017enosti. Serija je namenjena vsem, ki delujejo v polju neodvisnih uprizoritvenih umetnosti po vsej Evropi, lokalnim in nacionalnim odlo\u010devalcem, \u010dlanicam mre\u017ee, medijem in zainteresirani javnosti.<\/p>\n\n\n\n<!--more-->\n\n\n\n<p>Ustvarjanje trajnostne kariere na podro\u010dju uprizoritvenih umetnosti je povezano z mnogimi izzivi. Naj gre za posebno zdravstveno oskrbo ali mo\u017enosti za razvoj kariere, so bile v nekaterih evropskih dr\u017eavah vzpostavljene nekatere strukture za podporo umetnikom v razli\u010dnih vidikih njihove kariere. Predstavljeni bodo primeri najbolj\u0161ih praks, kjer boste imeli prilo\u017enost prisluhnili umetnikom in njihovim izku\u0161njam.<\/p>\n\n\n\n<p>TERMIN: 14:00 \u2013 16:00<br>KRAJ: Zoom<br>TRAJANJE: Dve uri<\/p>\n\n\n\n<p><strong>Sre\u010danja bodo potekala v angle\u0161kem jeziku in so brezpla\u010dna Na njih se je potrebno predhodno prijaviti na tej <a href=\"https:\/\/www.termino.gv.at\/meet\/b\/df6d9cfd8616c681a9edcd70b87a2638-262978\">povezavi<\/a><\/strong>, <strong>kjer spodaj kliknete na povezavo &#8220;BOOK&#8221; ob ustreznem terminu dogodka.<\/strong><\/p>\n\n\n\n<p>Vljudno vabljeni!<\/p>\n\n\n\n<p><em>Zveza EAIPA je bila leta 2018 ustanovljena kot krovna organizacija zdru\u017eenj in interesnih skupin v Evropi, ki predstavljajo neodvisne uprizoritvene umetnosti na mednarodni in evropski ravni<\/em><\/p>\n","protected":false},"excerpt":{"rendered":"<p>Evropsko zdru\u017eenje neodvisnih uprizoritvenih umetnosti (EAIPA), katerega \u010dlanica je tudi Asociacija, predsednica dru\u0161tva Inga Remeta pa v njem deluje kot podpredsednica,\u00a0vabi na drugi dogodek v seriji spletnih dogodkov Artist In Focus. V tokratnem sklopu spletnih predavanj, ki bodo potekala od novembra do maja, se bodo \u0161e posebej osredoto\u010dili na podro\u010dje karierne dinamike in krepitve kariernih &hellip; <a href=\"https:\/\/www.asociacija.si\/si\/2024\/01\/16\/vabljeni-na-spletni-dogodek-artist-in-focus-na-temo-karierna-podpora\/\" class=\"more-link\">Preberi ve\u010d o <span class=\"screen-reader-text\">Vabljeni na spletni dogodek Artist in focus na temo: &#8220;Karierna podpora&#8221;<\/span><\/a><\/p>\n","protected":false},"author":5,"featured_media":0,"comment_status":"closed","ping_status":"closed","sticky":false,"template":"","format":"standard","meta":{"footnotes":""},"categories":[1],"tags":[],"class_list":["post-8850","post","type-post","status-publish","format-standard","hentry","category-nekategorizirano"],"_links":{"self":[{"href":"https:\/\/www.asociacija.si\/si\/wp-json\/wp\/v2\/posts\/8850","targetHints":{"allow":["GET"]}}],"collection":[{"href":"https:\/\/www.asociacija.si\/si\/wp-json\/wp\/v2\/posts"}],"about":[{"href":"https:\/\/www.asociacija.si\/si\/wp-json\/wp\/v2\/types\/post"}],"author":[{"embeddable":true,"href":"https:\/\/www.asociacija.si\/si\/wp-json\/wp\/v2\/users\/5"}],"replies":[{"embeddable":true,"href":"https:\/\/www.asociacija.si\/si\/wp-json\/wp\/v2\/comments?post=8850"}],"version-history":[{"count":1,"href":"https:\/\/www.asociacija.si\/si\/wp-json\/wp\/v2\/posts\/8850\/revisions"}],"predecessor-version":[{"id":8851,"href":"https:\/\/www.asociacija.si\/si\/wp-json\/wp\/v2\/posts\/8850\/revisions\/8851"}],"wp:attachment":[{"href":"https:\/\/www.asociacija.si\/si\/wp-json\/wp\/v2\/media?parent=8850"}],"wp:term":[{"taxonomy":"category","embeddable":true,"href":"https:\/\/www.asociacija.si\/si\/wp-json\/wp\/v2\/categories?post=8850"},{"taxonomy":"post_tag","embeddable":true,"href":"https:\/\/www.asociacija.si\/si\/wp-json\/wp\/v2\/tags?post=8850"}],"curies":[{"name":"wp","href":"https:\/\/api.w.org\/{rel}","templated":true}]}}