{"id":8801,"date":"2023-11-30T12:34:38","date_gmt":"2023-11-30T12:34:38","guid":{"rendered":"http:\/\/www.asociacija.si\/si\/?p=8801"},"modified":"2023-11-30T12:34:38","modified_gmt":"2023-11-30T12:34:38","slug":"vesti-o-dobrodoslih-premikih-za-kulturo-in-ustvarjalke-na-ravni-evrope","status":"publish","type":"post","link":"https:\/\/www.asociacija.si\/si\/2023\/11\/30\/vesti-o-dobrodoslih-premikih-za-kulturo-in-ustvarjalke-na-ravni-evrope\/","title":{"rendered":"Vesti o dobrodo\u0161lih premikih za kulturo in ustvarjalke na ravni Evrope"},"content":{"rendered":"\n<p><strong>Evropa \u0161e nikoli ni bila bli\u017eje opredelitvi evropskega statusa umetnika. Odbor za kulturo in izobra\u017eevanje (CULT) ter Odbor za zaposlovanje in socialne zadeve (EMPL) Evropskega parlamenta sta namre\u010d 24. oktobra s 43 glasovi za, petimi glasovi proti in tremi vzdr\u017eanimi glasovi sprejela skupni osnutek zakonodajne pobude, ki sta ga pripravila poslanca Dom\u00e8nec Ruiz Devesa (S&amp;D, \u0160panija) in Antonius Manders (EPP, Nizozemska). Parlament tako prvi\u010d v zgodovini poziva Evropsko komisijo, naj oblikuje pravni okvir EU za izbolj\u0161anje socialnih in poklicnih pogojev v kulturnih in ustvarjalnih sektorjih s kombinacijo zakonodajnih in nezakonodajnih ukrepov<\/strong>, <strong>kar v Dru\u0161tvu Asociacija, predvsem v lu\u010di pogosto slabih pogojev dela v sektorju, pozdravljamo.<\/strong><\/p>\n\n\n\n<p>So\u010dasno je za kulturo in ustvarjalnost osrednjega pomena vest, da je skozi vrsto aktivnosti in odzivom akterjem uspelo dose\u010di, da<strong> program Ustvarjalna Evropa v okviru dogovorjenega prora\u010duna EU za leto 2024 ne bo dele\u017een napovedanih rezov,<\/strong> temve\u010d bo edini evropski program, namenjen nadnacionalnemu kulturnemu sodelovanju, do\u017eivel celo majhno pove\u010danje, s \u010dimer bodo razpolo\u017eljiva sredstva zna\u0161ala 335 milijonov evrov, kar je nekoliko ve\u010d od prvotnega predloga Evropske komisije. Ob sicer dobri vesti, ki bo po potrditvi 11. novembra na Svetu EU in v Evropskem parlamentu dokon\u010dnega glasovanja dele\u017een 20. novembra v Svetu in 22. novembra na plenarnem zasedanju Evropskega parlamenta, z,  potencialni prijavitelji iz Slovenije upravi\u010deno ostajajo zaskrbljeni. Po treh od sedmih predvidenih rokov<strong> Javnega poziva za sofinanciranje projektov nevladnih organizacij, ki je osrednjega pomena za njihovo samozavestno participacijo na razpisih v okviru programa Ustvarjalna Evropa<\/strong>, zaradi po\u010drpanja razpolo\u017eljivih sredstev in zastajanja aktivnosti Sektorja za nevladne organizacije pri Ministrstva za javno upravo, ki poziv izvaja s sredstvi iz Sklada za NVO, kar je mogo\u010de pripisati tudi vladnemu nenaslavljanju polo\u017eaja na resorju, poziv, klju\u010den za mednarodno vklju\u010devanje in sodelovanje doma\u010de kulture, namre\u010d ostaja zaprt.<\/p>\n\n\n\n<!--more-->\n\n\n\n<p>Nekoliko ve\u010d \u0161e o evropskih aktivnosti za ureditev statusa umetnika. Poslanci Evropskega parlamenta, ki za razliko od nacionalnih parlamentov sicer ne morejo formalno predlagati zakonodaje, kar ostaja v izklju\u010dni pristojnosti Komisije, so v poro\u010dilu, ki je v postopku konsolidacije in prevoda v vse uradne jezike EU, prepoznali, da je za delo na podro\u010dju kulture pogosto zna\u010dilna velika \u010dezmejna mobilnost, hkrati pa ni enostavne prenosljivosti pravic iz socialne varnosti, saj vrzeli med nacionalnimi socialnimi sistemi, nacionalnimi opredelitvami umetnikov in drugimi pravili ustvarjajo nepravi\u010dne pogoje. Predlagani okvir oziroma direktiva, ki je za dr\u017eave \u010dlanice zavezujo\u010da in h oblikovanju katere pozivajo, naj bi vklju\u010deval: 1) <strong>direktivo o dostojnih delovnih pogojih za delavce na kulturnem in ustvarjalnem podro\u010dju ter o pravilni dolo\u010ditvi njihovega zaposlitvenega statusa; 2) evropsko platformo za izbolj\u0161anje izmenjave najbolj\u0161ih praks in medsebojnega razumevanja med dr\u017eavami \u010dlanicami za izbolj\u0161anje delovnih pogojev in pogojev socialne varnosti ob sodelovanju socialnega partnerja; 3) prilagoditev programov EU za financiranje umetnikov in kulturnih delavcev, da se zagotovi spodbujanje po\u0161tenih praks z obliko &#8220;socialne pogojenosti&#8221;<\/strong>. Poro\u010dilo se dotika tudi<strong> pojavov navidezne samozaposlitve<\/strong>, <strong>nepla\u010danega ali premalo pla\u010danega dela,<\/strong> prisilnih odkupnih pogodb in izzivov, ki jih predstavljajo digitalne tehnologije, kot je generativna umetna inteligenca.<\/p>\n\n\n\n<p>Zakonodajno poro\u010dilo Parlamenta mora zdaj prestati potrjevanje na plenarnem zasedanju zbornice EU, ki bo med 20. in 24. novembrom v Strasbourgu. Po tem bo imela Komisija tri mesece \u010dasa, da odgovori na zahtevo Parlamenta in sprejme posebno sporo\u010dilo, v katerem bo navedla, ali (in kako) namerava ukrepati na podlagi zahtev Parlamenta. Doslej je izvr\u0161ilna oblast EU dosledno utemeljevala, da ne sprejema posebnih ukrepov na temo delovnih pogojev v kulturnih in ustvarjalnih sektorjih, saj so za to pristojne izklju\u010dno dr\u017eave. Ker so evropske volitve, ki bodo od 6. do 9. junija 2024, pa bo oblikovanje tak\u0161nega okvira ostalo visoko na politi\u010dni agendi. <\/p>\n\n\n\n<p>Pozivi na\u0161ega dru\u0161tva k <strong>naslavljanju pogojev dela v kulturi ter krepitvi socialnega polo\u017eaja doma\u010dega ustvarjalk in kulturnih delavcev so stalnica Asociacijinega delovanja<\/strong>, ki korak po korak odpirajo prostor za odkrito razpravo o vzdr\u017enosti pogojev dela v kulturi, neustrezne urejenosti socialnega polo\u017eaja ustvarjalk in ustvarjalcev, probleme nepla\u010danega in premalo vrednotenega in pla\u010danega dela, lahko pa tudi o nevarnostih in ne\u017eelenih u\u010dinkih reform, ki zanje ne predvidevajo ustrezne krepitve razpolo\u017eljivih sredstev v prora\u010dunu resorja. Zavezanost vlade k ureditvi polo\u017eaja se po eni strani sicer odra\u017ea v koalicijski pogodbi in morda mestoma lahko tudi premalo odlo\u010dni reformni naravnanosti Ministrstva za kulturo, po drugi strani pa odsotnost proaktivnih in daljnose\u017enih ukrepov, ki bi pomenili njegovo krepitev, kot so<strong> sredstva za profesionalizacijo, dav\u010dne spodbude, spodbude za zaposlovanje, ureditev socialnih pravic, krepitev pogojev za ustvarjalno delo, prizadevanje za zamejevanje prekarnosti polo\u017eaja<\/strong> in \u0161e bi lahko na\u0161tevali, ter so\u010dasna pogosta <strong>odsotnost premisleka o potrebah in realnostih sektorja<\/strong> pri sprejemanju ureditev, ki vplivajo na vse dru\u017ebene podsisteme, vzbujajo me\u0161ane ob\u010dutke. In vendar smo v Asociaciji mnenja, da je polo\u017eaj nujno potrebno aktivno in premi\u0161ljeno vseskozi naslavljati, k \u010demur odlo\u010devalce pozivamo.<\/p>\n","protected":false},"excerpt":{"rendered":"<p>Evropa \u0161e nikoli ni bila bli\u017eje opredelitvi evropskega statusa umetnika. Odbor za kulturo in izobra\u017eevanje (CULT) ter Odbor za zaposlovanje in socialne zadeve (EMPL) Evropskega parlamenta sta namre\u010d 24. oktobra s 43 glasovi za, petimi glasovi proti in tremi vzdr\u017eanimi glasovi sprejela skupni osnutek zakonodajne pobude, ki sta ga pripravila poslanca Dom\u00e8nec Ruiz Devesa (S&amp;D, &hellip; <a href=\"https:\/\/www.asociacija.si\/si\/2023\/11\/30\/vesti-o-dobrodoslih-premikih-za-kulturo-in-ustvarjalke-na-ravni-evrope\/\" class=\"more-link\">Preberi ve\u010d o <span class=\"screen-reader-text\">Vesti o dobrodo\u0161lih premikih za kulturo in ustvarjalke na ravni Evrope<\/span><\/a><\/p>\n","protected":false},"author":5,"featured_media":0,"comment_status":"closed","ping_status":"closed","sticky":false,"template":"","format":"standard","meta":{"footnotes":""},"categories":[27,37,16,26,22,3,23,13],"tags":[],"class_list":["post-8801","post","type-post","status-publish","format-standard","hentry","category-asociacija","category-kulturosfera","category-mednarodno","category-ministrstvo-za-kulturo","category-nevladne-organizacije","category-novice","category-samostojni-ustvarjalci","category-zagovornistvo"],"_links":{"self":[{"href":"https:\/\/www.asociacija.si\/si\/wp-json\/wp\/v2\/posts\/8801","targetHints":{"allow":["GET"]}}],"collection":[{"href":"https:\/\/www.asociacija.si\/si\/wp-json\/wp\/v2\/posts"}],"about":[{"href":"https:\/\/www.asociacija.si\/si\/wp-json\/wp\/v2\/types\/post"}],"author":[{"embeddable":true,"href":"https:\/\/www.asociacija.si\/si\/wp-json\/wp\/v2\/users\/5"}],"replies":[{"embeddable":true,"href":"https:\/\/www.asociacija.si\/si\/wp-json\/wp\/v2\/comments?post=8801"}],"version-history":[{"count":1,"href":"https:\/\/www.asociacija.si\/si\/wp-json\/wp\/v2\/posts\/8801\/revisions"}],"predecessor-version":[{"id":8808,"href":"https:\/\/www.asociacija.si\/si\/wp-json\/wp\/v2\/posts\/8801\/revisions\/8808"}],"wp:attachment":[{"href":"https:\/\/www.asociacija.si\/si\/wp-json\/wp\/v2\/media?parent=8801"}],"wp:term":[{"taxonomy":"category","embeddable":true,"href":"https:\/\/www.asociacija.si\/si\/wp-json\/wp\/v2\/categories?post=8801"},{"taxonomy":"post_tag","embeddable":true,"href":"https:\/\/www.asociacija.si\/si\/wp-json\/wp\/v2\/tags?post=8801"}],"curies":[{"name":"wp","href":"https:\/\/api.w.org\/{rel}","templated":true}]}}