{"id":8700,"date":"2023-10-25T11:17:09","date_gmt":"2023-10-25T11:17:09","guid":{"rendered":"http:\/\/www.asociacija.si\/si\/?p=8700"},"modified":"2023-11-02T13:35:53","modified_gmt":"2023-11-02T13:35:53","slug":"prihajajo-nove-obveznosti-pri-vodenju-evidenc-na-podrocju-dela-in-socialne-varnosti-povejte-nam-kaj-vas-zanima","status":"publish","type":"post","link":"https:\/\/www.asociacija.si\/si\/2023\/10\/25\/prihajajo-nove-obveznosti-pri-vodenju-evidenc-na-podrocju-dela-in-socialne-varnosti-povejte-nam-kaj-vas-zanima\/","title":{"rendered":"Prihajajo nove obveznosti pri vodenju evidenc na podro\u010dju dela in socialne varnosti. Povejte nam, kaj vas zanima?"},"content":{"rendered":"\n<p><strong>Z 20. novembrom 2023 stopi v veljavo&nbsp;<a rel=\"noreferrer noopener\" href=\"https:\/\/www.uradni-list.si\/glasilo-uradni-list-rs\/vsebina\/2023-01-1574\/zakon-o-spremembah-in-dopolnitvah-zakona-o-evidencah-na-podrocju-dela-in-socialne-varnosti-zepdsv-a\" target=\"_blank\">novela Zakona o evidencah na podro\u010dju dela in socialne varnosti (ZEPDSV-A)<\/a>,&nbsp;ki jasneje dolo\u010da, da je potrebno voditi za osebe, ki v organizaciji opravljajo delo na katerikoli pravni podlagi (torej tako za delavce kot tudi za npr. prostovoljce in \u0161tudente, osebe, ki delajo na podlagi avtorske in podjemne pogodbe, a pod pogojem, da je izpolnjen kateri od elementov delovnega razmerja), razli\u010dne evidence, in sicer:<\/strong><\/p>\n\n\n\n<ul class=\"wp-block-list\">\n<li>evidenca o zaposlenih delavcih,<\/li>\n\n\n\n<li>evidenca o stro\u0161kih dela,<\/li>\n\n\n\n<li>evidenca o izrabi delovnega \u010dasa,<\/li>\n\n\n\n<li>evidenca o oblikah razre\u0161evanja kolektivnih delovnih sporov pri delodajalcu in<\/li>\n\n\n\n<li>evidence s podro\u010dja varnosti in zdravja pri delu.<\/li>\n<\/ul>\n\n\n\n<!--more-->\n\n\n\n<p>Spremembe na tem podro\u010dju veljajo tudi za nevladne organizacije na podro\u010dju kulture.&nbsp;<strong>Za la\u017eje razumevanje sprememb pred uveljavo novele bomo v sodelovanju s pravno slu\u017ebo CNVOS za vas pripravili v za\u010detku novembra (datum sporo\u010dimo naknadno) brezpla\u010dno delavnico, na kateri se boste lahko seznanili s spremembami ter kako jih uveljavljati v NVO kulturi.<\/strong><strong><\/strong><\/p>\n\n\n\n<p>Za namen kar najbolj temeljite prilagoditve informativne delavnice potrebam NVO kulture, vas \u017eelimo pred njeno izvedbo izpra\u0161ati o morebitnih nejasnostih, ki se vam porajajo glede nove zakonodaje v navezavi na oblike in organizacijo dela, kot jih izvajate v praksi. Na podlagi posredovanih vpra\u0161anj, bo pripravljena vsebinska delavnica.<\/p>\n\n\n\n<p><strong>Napro\u0161amo vas, da v vpra\u0161alniku, do katerega dostopate na\u00a0<a rel=\"noreferrer noopener\" href=\"https:\/\/docs.google.com\/forms\/d\/e\/1FAIpQLScB8Qlb5jmYRLYVlZumUhwpuwK5ooxuT_IWvCaFVfiamyashA\/viewform?usp=sf_link\" target=\"_blank\">tej povezavi<\/a>, opredelite vpra\u0161anja, na katera bi \u017eeleli odgovore, najkasneje do 12. novembra 2023.\u00a0<\/strong><\/p>\n\n\n\n<p>Ta bodo predhodno posredovana izvajalki delavnice.<\/p>\n\n\n\n<p>Skozi delavnico se bomo seznanili z va\u0161imi potrebami in prihajajo\u010dimi spremembami&nbsp;ter v skladu s tem pripravili zagovorni\u0161ke aktivnosti.<\/p>\n","protected":false},"excerpt":{"rendered":"<p>Z 20. novembrom 2023 stopi v veljavo&nbsp;novela Zakona o evidencah na podro\u010dju dela in socialne varnosti (ZEPDSV-A),&nbsp;ki jasneje dolo\u010da, da je potrebno voditi za osebe, ki v organizaciji opravljajo delo na katerikoli pravni podlagi (torej tako za delavce kot tudi za npr. prostovoljce in \u0161tudente, osebe, ki delajo na podlagi avtorske in podjemne pogodbe, a &hellip; <a href=\"https:\/\/www.asociacija.si\/si\/2023\/10\/25\/prihajajo-nove-obveznosti-pri-vodenju-evidenc-na-podrocju-dela-in-socialne-varnosti-povejte-nam-kaj-vas-zanima\/\" class=\"more-link\">Preberi ve\u010d o <span class=\"screen-reader-text\">Prihajajo nove obveznosti pri vodenju evidenc na podro\u010dju dela in socialne varnosti. Povejte nam, kaj vas zanima?<\/span><\/a><\/p>\n","protected":false},"author":5,"featured_media":0,"comment_status":"closed","ping_status":"closed","sticky":false,"template":"","format":"standard","meta":{"footnotes":""},"categories":[27,37,22,3,23,10,13],"tags":[],"class_list":["post-8700","post","type-post","status-publish","format-standard","hentry","category-asociacija","category-kulturosfera","category-nevladne-organizacije","category-novice","category-samostojni-ustvarjalci","category-usposabljanja","category-zagovornistvo"],"_links":{"self":[{"href":"https:\/\/www.asociacija.si\/si\/wp-json\/wp\/v2\/posts\/8700","targetHints":{"allow":["GET"]}}],"collection":[{"href":"https:\/\/www.asociacija.si\/si\/wp-json\/wp\/v2\/posts"}],"about":[{"href":"https:\/\/www.asociacija.si\/si\/wp-json\/wp\/v2\/types\/post"}],"author":[{"embeddable":true,"href":"https:\/\/www.asociacija.si\/si\/wp-json\/wp\/v2\/users\/5"}],"replies":[{"embeddable":true,"href":"https:\/\/www.asociacija.si\/si\/wp-json\/wp\/v2\/comments?post=8700"}],"version-history":[{"count":4,"href":"https:\/\/www.asociacija.si\/si\/wp-json\/wp\/v2\/posts\/8700\/revisions"}],"predecessor-version":[{"id":8763,"href":"https:\/\/www.asociacija.si\/si\/wp-json\/wp\/v2\/posts\/8700\/revisions\/8763"}],"wp:attachment":[{"href":"https:\/\/www.asociacija.si\/si\/wp-json\/wp\/v2\/media?parent=8700"}],"wp:term":[{"taxonomy":"category","embeddable":true,"href":"https:\/\/www.asociacija.si\/si\/wp-json\/wp\/v2\/categories?post=8700"},{"taxonomy":"post_tag","embeddable":true,"href":"https:\/\/www.asociacija.si\/si\/wp-json\/wp\/v2\/tags?post=8700"}],"curies":[{"name":"wp","href":"https:\/\/api.w.org\/{rel}","templated":true}]}}