{"id":7280,"date":"2022-07-07T16:53:48","date_gmt":"2022-07-07T16:53:48","guid":{"rendered":"http:\/\/www.asociacija.si\/si\/?p=7280"},"modified":"2022-07-07T18:17:29","modified_gmt":"2022-07-07T18:17:29","slug":"nadaljevanje-dialoga-z-mol-2","status":"publish","type":"post","link":"https:\/\/www.asociacija.si\/si\/2022\/07\/07\/nadaljevanje-dialoga-z-mol-2\/","title":{"rendered":"Nadaljevanje dialoga z MOL"},"content":{"rendered":"\n<p><strong>Mestna ob\u010dina Ljubljana z nevladnim sektorjem in samozaposlenimi v kulturi vodi strukturiran dialog preko delovne skupine, v kateri delujejo tudi predstavniki Asociacije. <\/strong><\/p>\n\n\n\n<p>Skupina se je v leto\u0161njem letu do zdaj sestala dvakrat, in sicer januarja in juliju, glavne tematike pa so bile predvsem rebalans prora\u010duna za leti 2022 in 2023, prostorska problematika NVO, ki delujejo v Mestni ob\u010dini Ljubljana, negotov finan\u010dni polo\u017eaj, v katerem so se nahajajo tako nevladne organizacije kot samozaposleni v kulturi ter Strategija razvoja kulture Ljubljanske urbane regije. <\/p>\n\n\n\n<!--more-->\n\n\n\n<p>O rebalansu prora\u010duna za leti 2022 in 2023, ki se bo predvidoma zgodil jeseni, so \u010dlani skupine razpravljali tako na 21. kot 22. seji, predlagani popravki za polje kulture pa naj bi \u0161li predvsem v smer upo\u0161tevanja inflacije in draginje. Jeseni bo MOL vnovi\u010d objavil tudi Javni poziv za sofinanciranje projektov, izbranih na razpisih programa EU Ustvarjalna Evropa, podprogram KULTURA v letu 2022. Mestna ob\u010dina je pozdravila uspe\u0161nost NVO v MOL pri pridobivanju evropskih sredstev in bo v ta namen ustrezno raz\u0161irila bazen upravi\u010dencev do sredstev iz naslova razpisa, katerega vrednost bo sicer ostala enaka lanskoletnemu, ter nekoliko povi\u0161ala mo\u017eni odstotek zapro\u0161enih sredstev. \u010clani dialo\u0161ke skupine so MOL predlagali, da bi v bodo\u010de upravi\u010dence za evropske aktivnosti, ki se vr\u0161ijo na obmo\u010dju MOL, lahko zapro\u0161ali vsako leto v \u010dasu trajanja projekta.<\/p>\n\n\n\n<p>V okviru dialo\u0161ke skupine se je redno pozornost namenjala tudi prostorski problematiki NVO in samozaposlenih v kulturi, pa naj gre za dogajanje, vezano na podro\u010dje Metelkove, dejstvo, da nevladne organizacije, ki delujejo na podro\u010dju MOL, \u0161e naprej izgubljajo prostore ter potreba po skladi\u0161\u010dnih, pisarni\u0161kih prostorih, ateljejih in produkcijskih prostorih velika. MOL si namerava v okviru zmo\u017enosti \u0161e naprej prizadevati za infrastrukturno podporo NVO in samozaposlenim v kulturi, nameravajo npr. napovedali so prenovo Gledali\u0161\u010da Glej, energetsko sanacijo stavbe na Trgu prekomorskih brigad 1 in zagotovitev skladi\u0161\u010dnih prostorov za NVO. V odziv na opozorilo \u010dlanov dialo\u0161ke skupine, da NVO v ljubljani izgubljajo plakatna mesta, so pripravljeni preu\u010diti mo\u017enosti za zagotovitev brezpla\u010dnih mest za promocijo, ki bi vsaj deloma upo\u0161tevale potrebe NVO.<\/p>\n\n\n\n<p>\u010clani dialo\u0161ke skupine so MOL sicer opozorili na negotov finan\u010dni polo\u017eaju, v katerem se nahajajo nevladne organizacije in samozaposleni v kulturi. Nara\u0161\u010da namre\u010d nesorazmerje med sredstvi za javne zavode in nevladne kulturne  organizacije v MOL, \u010deprav se sicer sredstva v absolutnih \u0161tevilkah za nevladne kulturne organizacije pove\u010dujejo v manj\u0161em obsegu. <\/p>\n\n\n\n<p>\u010clani dialo\u0161ke skupine so se sicer seznanili tudi s procesom priprave Strategije razvoja kulture Ljubljanske urbane regije, ki jo vodi posebna komisija, ki ji na\u010deluje dr. Uro\u0161 Grilc. Trenutno so v fazi pridobivanja predlogov s strani lokalnih koordinatorjev za podro\u010dje kulture, MOL pa si \u017eeli, da bi se aktivno v oblikovanje strategije in vanj vme\u0161\u010denih projektov s koncem poletja vklju\u010dile tudi NVO iz podro\u010dja MOL.<\/p>\n","protected":false},"excerpt":{"rendered":"<p>Mestna ob\u010dina Ljubljana z nevladnim sektorjem in samozaposlenimi v kulturi vodi strukturiran dialog preko delovne skupine, v kateri delujejo tudi predstavniki Asociacije. Skupina se je v leto\u0161njem letu do zdaj sestala dvakrat, in sicer januarja in juliju, glavne tematike pa so bile predvsem rebalans prora\u010duna za leti 2022 in 2023, prostorska problematika NVO, ki delujejo &hellip; <a href=\"https:\/\/www.asociacija.si\/si\/2022\/07\/07\/nadaljevanje-dialoga-z-mol-2\/\" class=\"more-link\">Preberi ve\u010d o <span class=\"screen-reader-text\">Nadaljevanje dialoga z MOL<\/span><\/a><\/p>\n","protected":false},"author":5,"featured_media":0,"comment_status":"closed","ping_status":"closed","sticky":false,"template":"","format":"standard","meta":{"footnotes":""},"categories":[27,14,25,15,1,22,3,23,13],"tags":[],"class_list":["post-7280","post","type-post","status-publish","format-standard","hentry","category-asociacija","category-lokalno","category-mol","category-nacionalno","category-nekategorizirano","category-nevladne-organizacije","category-novice","category-samostojni-ustvarjalci","category-zagovornistvo"],"_links":{"self":[{"href":"https:\/\/www.asociacija.si\/si\/wp-json\/wp\/v2\/posts\/7280","targetHints":{"allow":["GET"]}}],"collection":[{"href":"https:\/\/www.asociacija.si\/si\/wp-json\/wp\/v2\/posts"}],"about":[{"href":"https:\/\/www.asociacija.si\/si\/wp-json\/wp\/v2\/types\/post"}],"author":[{"embeddable":true,"href":"https:\/\/www.asociacija.si\/si\/wp-json\/wp\/v2\/users\/5"}],"replies":[{"embeddable":true,"href":"https:\/\/www.asociacija.si\/si\/wp-json\/wp\/v2\/comments?post=7280"}],"version-history":[{"count":3,"href":"https:\/\/www.asociacija.si\/si\/wp-json\/wp\/v2\/posts\/7280\/revisions"}],"predecessor-version":[{"id":7296,"href":"https:\/\/www.asociacija.si\/si\/wp-json\/wp\/v2\/posts\/7280\/revisions\/7296"}],"wp:attachment":[{"href":"https:\/\/www.asociacija.si\/si\/wp-json\/wp\/v2\/media?parent=7280"}],"wp:term":[{"taxonomy":"category","embeddable":true,"href":"https:\/\/www.asociacija.si\/si\/wp-json\/wp\/v2\/categories?post=7280"},{"taxonomy":"post_tag","embeddable":true,"href":"https:\/\/www.asociacija.si\/si\/wp-json\/wp\/v2\/tags?post=7280"}],"curies":[{"name":"wp","href":"https:\/\/api.w.org\/{rel}","templated":true}]}}