{"id":694,"date":"2016-11-25T07:55:45","date_gmt":"2016-11-25T07:55:45","guid":{"rendered":"http:\/\/www.asociacija.si\/si\/?p=694"},"modified":"2016-11-29T13:03:57","modified_gmt":"2016-11-29T13:03:57","slug":"vabilo-na-novinarsko-konferenco-o-uredbi-o-samozaposlenih","status":"publish","type":"post","link":"https:\/\/www.asociacija.si\/si\/2016\/11\/25\/vabilo-na-novinarsko-konferenco-o-uredbi-o-samozaposlenih\/","title":{"rendered":"Novinarska konferenca o samozaposlenih"},"content":{"rendered":"<figure id=\"attachment_699\" aria-describedby=\"caption-attachment-699\" style=\"width: 660px\" class=\"wp-caption aligncenter\"><a href=\"https:\/\/www.asociacija.si\/si\/wp-content\/uploads\/2016\/11\/Nevromat-photo-Miha-Peterli\u010d.jpg\"><img loading=\"lazy\" decoding=\"async\" class=\"size-large wp-image-699\" src=\"https:\/\/www.asociacija.si\/si\/wp-content\/uploads\/2016\/11\/Nevromat-photo-Miha-Peterli\u010d-1024x684.jpg\" alt=\"Miha Peterli\u010d@rx:tx\" width=\"660\" height=\"441\" srcset=\"https:\/\/www.asociacija.si\/si\/wp-content\/uploads\/2016\/11\/Nevromat-photo-Miha-Peterli\u010d-1024x684.jpg 1024w, https:\/\/www.asociacija.si\/si\/wp-content\/uploads\/2016\/11\/Nevromat-photo-Miha-Peterli\u010d-300x200.jpg 300w, https:\/\/www.asociacija.si\/si\/wp-content\/uploads\/2016\/11\/Nevromat-photo-Miha-Peterli\u010d-768x513.jpg 768w\" sizes=\"auto, (max-width: 660px) 100vw, 660px\" \/><\/a><figcaption id=\"caption-attachment-699\" class=\"wp-caption-text\">Miha Peterli\u010d@rx:tx<\/figcaption><\/figure>\n<p><strong>V Dru\u0161tvu Asociacija pripravljamo novinarsko konferenco, ki bo v ponedeljek, 28. novembra 2016, ob 11:00 v prostorih Asociacije na Dalmatinovi 4 v Ljubljani.<\/strong><\/p>\n<p>Na novinarski konferenci bo govora o ogromnem posegu v sistem samozaposlenih v kulturi, ki ga pripravlja Ministrstvo Republike Slovenije za kulturo s spremembami Uredbe o samozaposlenih.<\/p>\n<p><!--more--><\/p>\n<p>Z redefinicijo poklicev \u010drtajo nekaj klju\u010dnih stebrov kulturnega ustvarjanja (denimo radijskega napovedovalca, intermedijskega producenta in interdisciplinarnega ustvarjalca), hkrati pa neproporcionalno vi\u0161ajo pogoje in kriterije za pridobitev statusa samozaposlenega s pravico do pla\u010dila socialnih prispevkov.<\/p>\n<p>Kriterijev glede na zahteve ustvarjalnega procesa in objektivne okoli\u0161\u010dine (odsotnost nagrad, prostora za medijske kritike in strokovnih revij) po novem ne bodo mogli dose\u010di niti najbolj produktivni ustvarjalci. Dinamika u\u010dnega procesa na umetni\u0161kih akademijah je povsem druga\u010dna od kriterijev za samozaposlene, zato bo status samozaposlenega postal nedosegljiv za mlade ustvarjalce. In ker kar tretjina samozaposlenih \u017ee zdaj \u017eivi pod pragom rev\u0161\u010dine, menimo, da bodo spremembe povzro\u010dile ne le ogromen osip med njimi, temve\u010d bo ta administrativni izbris povzro\u010dil veliko socialno stisko in usoden udarec za dolo\u010dena podro\u010dja ustvarjanja.<\/p>\n<p>Spremembe so v strokovni javnosti in med samozaposlenimi povzro\u010dile veliko skrb in nezadovoljstvo. Kulturniki tako ministra z vseh strani pozivajo, naj s spremembami poklicev in kriterijev ne hiti. Nekaj izmed teh argumentov bomo predstavili na novinarski konferenci. Spregovorili bodo tako samozaposleni, kot predstavniki nevladnih organizacij, stanovskih zdru\u017eenj in javnih zavodov, ki nasprotujejo predlaganim spremembam.<\/p>\n<p>Va\u0161i sogovorniki bodo:<br \/>\n&#8211; Ur\u0161a Menart, samozaposlena re\u017eiserska in scenaristka, Dru\u0161tvo slovenskih re\u017eiserjev<br \/>\n&#8211; Tadej Meserko, samozaposleni kritik in recenzent<br \/>\n&#8211; Simon Kardum, direktor Zavoda Center urbane kulture Kino \u0160i\u0161ka<br \/>\n&#8211; Jadranka Plut, predsednica Dru\u0161tva Asociacija in \u010dlanica Nacionalnega sveta za kulturo<\/p>\n","protected":false},"excerpt":{"rendered":"<p>V Dru\u0161tvu Asociacija pripravljamo novinarsko konferenco, ki bo v ponedeljek, 28. novembra 2016, ob 11:00 v prostorih Asociacije na Dalmatinovi 4 v Ljubljani. Na novinarski konferenci bo govora o ogromnem posegu v sistem samozaposlenih v kulturi, ki ga pripravlja Ministrstvo Republike Slovenije za kulturo s spremembami Uredbe o samozaposlenih.<\/p>\n","protected":false},"author":5,"featured_media":0,"comment_status":"closed","ping_status":"closed","sticky":false,"template":"","format":"standard","meta":{"footnotes":""},"categories":[27,6,26,15,23,13],"tags":[],"class_list":["post-694","post","type-post","status-publish","format-standard","hentry","category-asociacija","category-dogodki","category-ministrstvo-za-kulturo","category-nacionalno","category-samostojni-ustvarjalci","category-zagovornistvo"],"_links":{"self":[{"href":"https:\/\/www.asociacija.si\/si\/wp-json\/wp\/v2\/posts\/694","targetHints":{"allow":["GET"]}}],"collection":[{"href":"https:\/\/www.asociacija.si\/si\/wp-json\/wp\/v2\/posts"}],"about":[{"href":"https:\/\/www.asociacija.si\/si\/wp-json\/wp\/v2\/types\/post"}],"author":[{"embeddable":true,"href":"https:\/\/www.asociacija.si\/si\/wp-json\/wp\/v2\/users\/5"}],"replies":[{"embeddable":true,"href":"https:\/\/www.asociacija.si\/si\/wp-json\/wp\/v2\/comments?post=694"}],"version-history":[{"count":7,"href":"https:\/\/www.asociacija.si\/si\/wp-json\/wp\/v2\/posts\/694\/revisions"}],"predecessor-version":[{"id":746,"href":"https:\/\/www.asociacija.si\/si\/wp-json\/wp\/v2\/posts\/694\/revisions\/746"}],"wp:attachment":[{"href":"https:\/\/www.asociacija.si\/si\/wp-json\/wp\/v2\/media?parent=694"}],"wp:term":[{"taxonomy":"category","embeddable":true,"href":"https:\/\/www.asociacija.si\/si\/wp-json\/wp\/v2\/categories?post=694"},{"taxonomy":"post_tag","embeddable":true,"href":"https:\/\/www.asociacija.si\/si\/wp-json\/wp\/v2\/tags?post=694"}],"curies":[{"name":"wp","href":"https:\/\/api.w.org\/{rel}","templated":true}]}}