{"id":6458,"date":"2021-07-05T13:07:54","date_gmt":"2021-07-05T13:07:54","guid":{"rendered":"http:\/\/www.asociacija.si\/si\/?p=6458"},"modified":"2021-07-05T13:20:29","modified_gmt":"2021-07-05T13:20:29","slug":"poziv-k-javni-razpravi-o-novem-programskem-obdobju","status":"publish","type":"post","link":"https:\/\/www.asociacija.si\/si\/2021\/07\/05\/poziv-k-javni-razpravi-o-novem-programskem-obdobju\/","title":{"rendered":"Poziv k javni razpravi o novem programskem obdobju"},"content":{"rendered":"\n<p>Programski razpis Ministrstva za kulturo predstavlja enega pomembnej\u0161ih nacionalnih mehanizmov financiranje nevladne kulturne produkcije. Z leto\u0161njim letom se izte\u010de aktualno \u0161tiriletno obdobje financiranja, zato menimo, da se je potrebno pravo\u010dasno pripraviti na nov razpis.<\/p>\n\n\n\n<p>Spomnimo, da je pred \u0161tirimi leti pri\u0161lo do \u0161tevilnih te\u017eav, Ministrstvo za kultur pa je naposled izgubilo tudi kar nekaj to\u017eb in moralo naknadno v financiranje vklju\u010diti krivi\u010dno izklju\u010dene organizacije. V izogib ponovnim te\u017eavam pozivamo k pravo\u010dasni javni razpravi o pripravi razpisa.<\/p>\n\n\n\n<!--more-->\n\n\n\n<p>V dopisu, ki smo ga konec junija poslali na ministrstvo opozarjamo, da so na kulturnem resorju v preteklosti podobne javne razprave \u017ee potekale. Ena takih se je zgodila ob pripravi nacionalnega programa za kulturo v letu 2019 (ve\u010d na <a href=\"https:\/\/www.gov.si\/zbirke\/projekti-in-programi\/oblikovanje-novega-nacionalnega-programa-za-kulturo-20202027\/\">tej povezavi<\/a>), kjer sta dve od razprav potekali tudi na temo reforme mehanizmov razdeljevanja javnih sredstev. Prav tako se je na primer podoben proces zgodil nekaj let prej v ob\u010dini Postojna, kjer so skupaj z regijskim sti\u010di\u0161\u010dem reformirali razpise na podro\u010dju kulture.<\/p>\n\n\n\n<p>Menimo, da je tak\u0161en transparenten postopek dober, celo nujen za izvedbo uspe\u0161nega razpisa, zato smo Ministrstvo za kulturo pozvali, naj \u010dim prej organizira podoben posvetovalni proces tudi na temo programskega razpisa.<\/p>\n\n\n\n<p>Poziv lahko v celoti preberete na <a href=\"https:\/\/www.asociacija.si\/si\/wp-content\/uploads\/2021\/07\/Poziv-glede-programskega-razpisa-2022-2025-F_L.pdf\">tej povezavi<\/a>. <\/p>\n","protected":false},"excerpt":{"rendered":"<p>Programski razpis Ministrstva za kulturo predstavlja enega pomembnej\u0161ih nacionalnih mehanizmov financiranje nevladne kulturne produkcije. Z leto\u0161njim letom se izte\u010de aktualno \u0161tiriletno obdobje financiranja, zato menimo, da se je potrebno pravo\u010dasno pripraviti na nov razpis. Spomnimo, da je pred \u0161tirimi leti pri\u0161lo do \u0161tevilnih te\u017eav, Ministrstvo za kultur pa je naposled izgubilo tudi kar nekaj to\u017eb &hellip; <a href=\"https:\/\/www.asociacija.si\/si\/2021\/07\/05\/poziv-k-javni-razpravi-o-novem-programskem-obdobju\/\" class=\"more-link\">Preberi ve\u010d o <span class=\"screen-reader-text\">Poziv k javni razpravi o novem programskem obdobju<\/span><\/a><\/p>\n","protected":false},"author":5,"featured_media":0,"comment_status":"closed","ping_status":"closed","sticky":false,"template":"","format":"standard","meta":{"footnotes":""},"categories":[15,22,3,13],"tags":[],"class_list":["post-6458","post","type-post","status-publish","format-standard","hentry","category-nacionalno","category-nevladne-organizacije","category-novice","category-zagovornistvo"],"_links":{"self":[{"href":"https:\/\/www.asociacija.si\/si\/wp-json\/wp\/v2\/posts\/6458","targetHints":{"allow":["GET"]}}],"collection":[{"href":"https:\/\/www.asociacija.si\/si\/wp-json\/wp\/v2\/posts"}],"about":[{"href":"https:\/\/www.asociacija.si\/si\/wp-json\/wp\/v2\/types\/post"}],"author":[{"embeddable":true,"href":"https:\/\/www.asociacija.si\/si\/wp-json\/wp\/v2\/users\/5"}],"replies":[{"embeddable":true,"href":"https:\/\/www.asociacija.si\/si\/wp-json\/wp\/v2\/comments?post=6458"}],"version-history":[{"count":2,"href":"https:\/\/www.asociacija.si\/si\/wp-json\/wp\/v2\/posts\/6458\/revisions"}],"predecessor-version":[{"id":6461,"href":"https:\/\/www.asociacija.si\/si\/wp-json\/wp\/v2\/posts\/6458\/revisions\/6461"}],"wp:attachment":[{"href":"https:\/\/www.asociacija.si\/si\/wp-json\/wp\/v2\/media?parent=6458"}],"wp:term":[{"taxonomy":"category","embeddable":true,"href":"https:\/\/www.asociacija.si\/si\/wp-json\/wp\/v2\/categories?post=6458"},{"taxonomy":"post_tag","embeddable":true,"href":"https:\/\/www.asociacija.si\/si\/wp-json\/wp\/v2\/tags?post=6458"}],"curies":[{"name":"wp","href":"https:\/\/api.w.org\/{rel}","templated":true}]}}