{"id":3940,"date":"2019-05-05T21:02:58","date_gmt":"2019-05-05T21:02:58","guid":{"rendered":"http:\/\/www.asociacija.si\/si\/?p=3940"},"modified":"2019-09-30T07:44:14","modified_gmt":"2019-09-30T07:44:14","slug":"dobre-prakse-nvo-v-kulturi-nova-posta","status":"publish","type":"post","link":"https:\/\/www.asociacija.si\/si\/2019\/05\/05\/dobre-prakse-nvo-v-kulturi-nova-posta\/","title":{"rendered":"Dobre prakse NVO v kulturi: Nova po\u0161ta"},"content":{"rendered":"<p><strong>Nova po\u0161ta je primer dolgotrajnega sodelovanja med javno (Slovensko mladinsko gledali\u0161\u010de) in nevladno institucijo (Zavod Maska), ki s tovrstnim delom orje ledino na polju kulture. \u010ceprav jo je po prvem letu delovanja mo\u010dno zamajala izguba sredstev ministrstva za kulturo, Nova po\u0161ta vseeno i\u0161\u010de na\u010dine nadaljnjega delovanja. O izku\u0161njah prvega leta projekta smo se pogovarjali s \u010dlani Nove po\u0161te &#8211; igralko Slovenskega mladinskega gledali\u0161\u010da (SMG) Katarino Stegnar, dramaturginjo SMG Ur\u0161ko Brodar in direktorjem Zavoda Maska Janezom Jan\u0161o.<\/strong><\/p>\n<p>V nadaljevanju objavljamo povzetke podcasta, ki mu lahko v celoti prisluhnete na povezavi na za\u010detku prispevka.<\/p>\n<p><!--more--><\/p>\n<blockquote><p>Prisluhnite celotnemu pogovoru v Kulturosferinem podcastu, ki ga najdete na <a href=\"https:\/\/anchor.fm\/drutvo-asociacija\/episodes\/Kulturosfera--maj-2019-Nova-pota-e3uhm5\">tej povezavi<\/a>.<\/p><\/blockquote>\n<p><iframe loading=\"lazy\" src=\"https:\/\/anchor.fm\/drutvo-asociacija\/embed\/episodes\/Kulturosfera--maj-2019-Nova-pota-e3uhm5\/a-aot6k5\" scrolling=\"no\" width=\"400px\" height=\"102px\" frameborder=\"0\"><\/iframe><br \/>\nIdeja Nove po\u0161te se je sprva porodila re\u017eiserjema Sebastijanu Horvatu in \u017digi Divjaku, ki sta vodstvu obeh institucij predlagala druga\u010dno uporabo dela prostorov SMG, kasneje poimenovanim Nova po\u0161ta. &#8220;\u0160lo je za idejo, da se lahko prostor uporablja celo leto brez vnaprej danih produkcijskih okvirjev, kot jih sicer poznamo v gledali\u0161\u010du, torej brez premier, natan\u010dno dolo\u010denih \u010dasovnih razponov vaj in podobno,&#8221; se spominja Jan\u0161a.<\/p>\n<blockquote><p>&#8220;Bili smo za to, ker se nam zdi, da se je na\u010din produkcije, kakr\u0161nega poznamo sicer, iz\u010drpal, in proizvaja zgolj standardizacijo, tako v smislu formatov in dosega. Hkrati prevladujo\u010d na\u010din umetni\u0161ke produkcije precej nevtralizira umetni\u0161ki domet in umetnost pretvarja v industrijo.&#8221; <em><strong>Janez Jan\u0161a, Zavod Maska<\/strong><\/em><\/p><\/blockquote>\n<p>Tako je za osem mesecev v prostoru za\u010dela delovati 14-\u010dlanska ekipa, ki je bila za delo pla\u010dana v smislu delovnega razmerja. V ekipo so povabili ustvarjalce razli\u010dnih profilov, od re\u017eiserjev, performerjev, do dramaturgov in producentov, ki jih je zanimalo avtorsko gledali\u0161\u010de. Stro\u0161ke sta si delila SMG in Maska, v tem \u010dasu pa je ekipa proizvedla 38 razli\u010dnih dogodkov; \u0161tiri gledali\u0161ke premiere, \u0161tevilne razprave, okrogle mize in posvete, mednarodna gostovanja itn.<\/p>\n<p>&#8220;To, kar je premik v kulturnopoliti\u010dnem smislu je, da so se \u0161tevilna sodelovanja med javnim zavodom in NVO, ki jih poznamo tudi sicer, dvignila na dodatno, vi\u0161jo raven, ker je \u0161lo za kontinuirano sodelovanje skozi dalj\u0161e \u010dasovno obdobje. To je specifika, ki bi jo vsaka kulturna politika pozdravila. Gre namre\u010d tako za racionalizacijo kot sinergijo, pa tudi rezultati so dale\u010d od tega, da bi bili zanemarljivi,&#8221; dodaja Jan\u0161a.<\/p>\n<p><strong>Avtonomija in ranlljivost med javnim in nevladnim<\/strong><\/p>\n<p>Povsem avtonomno programiranje Nove po\u0161te ni bilo, saj sta imela tako SMG kot Maska obveznosti do svojih financerjev, kar je deloma vplivalo na delo, priznavajo ustvarjalci Nove po\u0161te. &#8220;Vseeno smo posku\u0161ali to prese\u010di in kreativno posegati v obstoje\u010de formate,&#8221; dodaja Brodar. &#8220;Vedno ko gre\u0161 v novo formalno ureditev med ljudmi, odpira\u0161 tudi vsebinska vpra\u0161anja,&#8221; se strinja Stegnar. &#8220;Veliko \u010dasa smo namre\u010d porabili za to, da smo ugotovili, kaj bomo delali in kako. Kar je bilo zanimivo je, da smo dolgo vztrajali na teh problemih in na koncu naredili celo predstavo o teh problemih horizontalnih kolektivov. Tragedija je, da se po osmih mesecih, ko smo kon\u010dno ugotovili vse to, projekt ni nadaljeval,&#8221; \u0161e poudarja Stegnar.<\/p>\n<p>Ker je Maska izgubila programsko financiranje, je to mo\u010dno vplivalo na karakter Nove po\u0161te. Mladinsko je na za\u010detku projektu dalo prostor in zaposlene, finan\u010dni vlo\u017eek pa je bil skoraj enak med nevladno organizacijo in javnim zavodom. Polovica sodelujo\u010dih je bila zaposlenih, polovica samozaposlenih v kulturi, njihova pla\u010da je bila pribli\u017eno enaka neto pla\u010di igralca v SMG. Po odlo\u010ditvi ministrstva je to pomenilo, da zaradi umanjkanja sredstev Nova po\u0161ta ni mogla ve\u010d imeti stalne ekipe na pla\u010dah.<\/p>\n<p>V drugi sezoni tako igrajo stvari, ki so bile narejene ob koncu prej\u0161nje sezone ter gostujejo s predstavami in jih kontekstualizirajo. &#8220;Ni pa ve\u010d mo\u017eno imeti te osnovne situacije, da so umetniki za \u010das, ki ga namenijo razmi\u0161ljanju o umetnosti, za to pla\u010dani. Ta \u010das je proizvedel rezultate, ki so druga\u010dni. To smo ugotovili vsi, od strokovne do lai\u010dne javnosti do navsezadnje nas, ki smo tukaj delali,&#8221; dodaja Jan\u0161a.<em><strong><br \/>\n<\/strong><\/em><\/p>\n<p>Med drugim je ena izmed predstav v produkciji Nove po\u0161te, 6, prejela tudi najvi\u0161jo nagrado na Festivalu Bor\u0161tnikovo sre\u010danje ter gladko pometla s konkurenco javnih in nevladnih zavodov. Zato Jan\u0161a meni, da je ministrstvo v svojem pogledu konzervativno in ga ne zanimajo nove oblike, \u010deprav dajejo vrhunske rezultate. &#8220;Na za\u010detku projekta smo si rekli, da imamo kon\u010dno denar, da lahko naredimo ni\u010d in da se lahko samo pogovarjamo. Sme\u0161no je, da ima\u0161 vseeno vedno inercijo, potrebo, da dela\u0161. Dejansko smo proizvedli za tretjino ve\u010d, kot bi v obi\u010djanih okvirih,&#8221; se spominja Stegnar.<\/p>\n<blockquote><p>&#8220;Nekdo bi lahko rekel, da so bili dogodki manj\u0161i, da to ni bil teater, da so bili dogodki predvsem diskurzivni. A v bistvu gre za to, kak\u0161no koli\u010dino misli lahko proizvede\u0161, za koliko lahko dvigne\u0161 temperaturo nekega kraja v dolo\u010denem \u010dasu. Ljudje zdaj hodijo sem, Novo po\u0161to prepoznavajo, ljudem je v\u0161e\u010d, in \u017ealostno je, da z eno non\u0161alantno gesto vse to podre\u0161, \u010de\u0161 oni so se osem mesecev le hecali. \u010ce bi program merili z istimi vatli kot ostale, bi nam namre\u010d namerili \u0161e ve\u010d rezultatov.&#8221; <strong><em>Katarina Stegnar, Nova po\u0161ta<\/em><\/strong><\/p><\/blockquote>\n<p><strong>Od lokalnega k mednarodnemu<\/strong><\/p>\n<p>&#8220;Projekt je bil prekratek za celostno oceno, a Nova po\u0161ta je bila veliko presene\u010denje,&#8221; meni Jan\u0161a. Spominja se, da je sprva okoli nje vladala bojazen, da gre za nekak\u0161en elitisti\u010den projekt. &#8220;Ko se je pokazalo, da ga \u017eelimo deliti z ostalimi preko delavnic in prenosa izku\u0161enj, s probelamatizacijo kulturnopoliti\u010dnih in delovnih razmerij, se je pokazalo, da targetiramo probleme, ki zadevajo vse nas,&#8221; \u0161e poudarja. &#8220;Po\u010dasi je lokalna gledali\u0161ka skupnost prepoznala, da se tu dogaja nekak\u0161na specifika v smislu umetni\u0161kih rezultatov, \u010deprav smo bili \u0161ele na za\u010detku poti. \u010ce ho\u010de\u0161 delati druga\u010de, mora\u0161 ustvariti zelo dobro platformo, kjer ni problem proizvajati improvizirane situacije in vanje vabiti ljudi. Uspeli smo generirat in dati prostor potencialom, ki jih ljudje imajo, a jih v svoji strogi profesionalni praksi, denimo kot igralci, niso mogli realizirati. Na Novi po\u0161ti se je zgodilo to, da so umetniki dru\u017ebenost svojega bitja raz\u0161irili iz ozke profesionalne funkcije v neko \u0161ir\u0161o reflektirajo\u010do dru\u017ebenost svojega bitja.&#8221;<\/p>\n<p>Novo po\u0161to je v prvi sezoni odlikoval tudi mo\u010den mednarodni program, ki je v Slovenijo pripeljal nekatere izmed trenutno najbolj progresivnih evropskih mislecev, praktikov in umetni\u0161kih kolektivov na polju sodobne uprizoritvene umetnosti.<\/p>\n<blockquote><p>&#8220;Tu so bili ljudje, ki druga\u010de v Sloveniji ne bi bili. Na konceptualnem nivoju je projekt nagovoril in odmeval tudi pri publiki izven te dr\u017eave, kar je zelo pomembno. Projekt je bil predstavljen tudi na sre\u010danju IETM v M<span class=\"st\"><em>\u00fc<\/em><\/span>nchnu, zanj se trenutno kot primer dobre prakse zanimajo na Poljskem in v Bolgariji. Gre za \u0161ir\u0161i in pomembnej\u0161i projekt, kot se zaveda ministrstvo.&#8221; <strong><em>Ur\u0161ka Brodar, Nova po\u0161ta<\/em><\/strong><\/p><\/blockquote>\n<p>&#8220;Vedno gre pri tak\u0161nih projektih za \u0161ir\u0161e vpra\u0161anje, kako sploh misliti sodobno umetnost v relaciji do klasi\u010dne,&#8221; \u0161e dodaja Stegnar. Ve\u010d o na\u010drtih <a href=\"https:\/\/mladinsko.com\/sl\/program\/72\/nova-posta\/\">Nove po\u0161te<\/a> v tej sezoni pa v dalj\u0161em podcastu <a href=\"https:\/\/anchor.fm\/drutvo-asociacija\/episodes\/Kulturosfera--maj-2019-Nova-pota-e3uhm5\">na tej povezavi<\/a>.<\/p>\n<blockquote><p>Ste tudi vi NVO v kulturi z odli\u010dnim in inovativnim projektom, ki ga \u017eelite kot primer dobre prakse predstaviti bralkam in bralcem Kulturosfere?&nbsp;<a href=\"https:\/\/www.asociacija.si\/si\/2018\/11\/13\/poziv-iscemo-dobre-prakse-nvo-v-kulturi\/\">Prijavite se na na\u0161 poziv!<\/a><\/p><\/blockquote>\n","protected":false},"excerpt":{"rendered":"<p>Nova po\u0161ta je primer dolgotrajnega sodelovanja med javno (Slovensko mladinsko gledali\u0161\u010de) in nevladno institucijo (Zavod Maska), ki s tovrstnim delom orje ledino na polju kulture. \u010ceprav jo je po prvem letu delovanja mo\u010dno zamajala izguba sredstev ministrstva za kulturo, Nova po\u0161ta vseeno i\u0161\u010de na\u010dine nadaljnjega delovanja. O izku\u0161njah prvega leta projekta smo se pogovarjali s &hellip; <a href=\"https:\/\/www.asociacija.si\/si\/2019\/05\/05\/dobre-prakse-nvo-v-kulturi-nova-posta\/\" class=\"more-link\">Preberi ve\u010d o <span class=\"screen-reader-text\">Dobre prakse NVO v kulturi: Nova po\u0161ta<\/span><\/a><\/p>\n","protected":false},"author":5,"featured_media":0,"comment_status":"closed","ping_status":"closed","sticky":false,"template":"","format":"standard","meta":{"footnotes":""},"categories":[37,14,15,22,3,13],"tags":[],"class_list":["post-3940","post","type-post","status-publish","format-standard","hentry","category-kulturosfera","category-lokalno","category-nacionalno","category-nevladne-organizacije","category-novice","category-zagovornistvo"],"_links":{"self":[{"href":"https:\/\/www.asociacija.si\/si\/wp-json\/wp\/v2\/posts\/3940","targetHints":{"allow":["GET"]}}],"collection":[{"href":"https:\/\/www.asociacija.si\/si\/wp-json\/wp\/v2\/posts"}],"about":[{"href":"https:\/\/www.asociacija.si\/si\/wp-json\/wp\/v2\/types\/post"}],"author":[{"embeddable":true,"href":"https:\/\/www.asociacija.si\/si\/wp-json\/wp\/v2\/users\/5"}],"replies":[{"embeddable":true,"href":"https:\/\/www.asociacija.si\/si\/wp-json\/wp\/v2\/comments?post=3940"}],"version-history":[{"count":9,"href":"https:\/\/www.asociacija.si\/si\/wp-json\/wp\/v2\/posts\/3940\/revisions"}],"predecessor-version":[{"id":4533,"href":"https:\/\/www.asociacija.si\/si\/wp-json\/wp\/v2\/posts\/3940\/revisions\/4533"}],"wp:attachment":[{"href":"https:\/\/www.asociacija.si\/si\/wp-json\/wp\/v2\/media?parent=3940"}],"wp:term":[{"taxonomy":"category","embeddable":true,"href":"https:\/\/www.asociacija.si\/si\/wp-json\/wp\/v2\/categories?post=3940"},{"taxonomy":"post_tag","embeddable":true,"href":"https:\/\/www.asociacija.si\/si\/wp-json\/wp\/v2\/tags?post=3940"}],"curies":[{"name":"wp","href":"https:\/\/api.w.org\/{rel}","templated":true}]}}