{"id":3877,"date":"2019-04-03T11:58:50","date_gmt":"2019-04-03T11:58:50","guid":{"rendered":"http:\/\/www.asociacija.si\/si\/?p=3877"},"modified":"2019-04-03T11:58:50","modified_gmt":"2019-04-03T11:58:50","slug":"kulturna-premisljevanja-tina-divjak","status":"publish","type":"post","link":"https:\/\/www.asociacija.si\/si\/2019\/04\/03\/kulturna-premisljevanja-tina-divjak\/","title":{"rendered":"Kulturna premi\u0161ljevanja: Tina Divjak"},"content":{"rendered":"<p><strong>Vsebinske mre\u017ee nevladnih organizacij, kot je denimo Asociacija, so klju\u010dne pri povezovanju nevladnega sektorja na posameznem podro\u010dju, profesionalizacije podro\u010dja in izbolj\u0161avi pogojev dela. So tiste, ki se pogajajo s pristojnimi ministrstvi glede razpisov in zakonodaje, predlagajo svoje strategije, skrbijo za izobra\u017eevanja ter povezujejo akterje posameznih podro\u010dji.<\/strong><\/p>\n<p>Tokratno kolumno je prispevala vodja zagovorni\u0161tva na CNVOS Tina Divjak, ki opozarja, da je za izbolj\u0161anje pogojev v sektorju nujno podpirati tudi profesionalizacijo in delovanje vsebinskih mre\u017e na resornih ministrstvih, tudi kulturi. <strong>\u00a0<\/strong><!--more--><\/p>\n<p><strong>\u00a0 \u00a0 \u00a0 \u00a0 \u00a0 \u00a0 \u00a0 \u00a0 \u00a0Vsebinske mre\u017ee nevladnih organizacij \u2013 kaj in zakaj <\/strong><\/p>\n<p>Zakon (o nevladnih organizacijah) bi te\u017eko bil jasnej\u0161i: \u00bb<em>Ministrstva na podro\u010djih, za katera so pristojna (\u2026) preko javnih razpisov financirajo projekte in programe vsebinskih mre\u017e kot subjektov podpornega okolja, namenjenih spodbujanju razvoja nevladnih organizacij.\u00ab<\/em> Zakaj se torej marsikje, med drugim tudi na kulturnem ministrstvu, zatika?<\/p>\n<p>Za\u010dnimo na za\u010detku, s tem kaj in zakaj \u00bbvsebinske mre\u017ee\u00ab sploh so? Gre za mre\u017ee in zveze, ki pod svojo streho zdru\u017euje nevladne organizacije z istega podro\u010dja. Ker seveda niso edine z vsebino, bi jih najbr\u017e bilo bolje imenovati podro\u010dne mre\u017ee, ampak zakonu se je pa\u010d zapisalo, kakor se mu je zapisalo. Delujejo lahko nacionalno, regionalno ali lokalno. Nekatere so formalno registrirane, nekaj jih je tudi ne-registriranih. V Sloveniji jih imamo ve\u010d kot sto. Mednje sodijo \u010disto vse zveze dru\u0161tev, med katerimi imajo nekatere \u017ee ve\u010d kot 100-letno zgodovino.<\/p>\n<p>Druge so precej mlaj\u0161e, na nekaterih podro\u010djih so za\u017eivele \u0161ele v zadnjih desetih letih, odkar je dr\u017eava skozi razpise Evropskega socialnega sklada na Ministrstvu za javno upravo za\u010dela na\u010drtno krepiti nevladni\u0161ko podporno infrastrukturo. Ta ob vsebinskih mre\u017eah vklju\u010duje \u0161e regionalna nevladni\u0161ka sti\u010di\u0161\u010da v desetih slovenskih regijah in krovno nacionalno mre\u017eo. Cilj tak\u0161ne komplementarne mre\u017ee razli\u010dnih podpornih organizacij je nevladnim organizacijam zagotoviti ustrezne pogoje za delovanje. Odna\u0161ale naj bi jim probleme z mize, krepile njihovo pozicijo nasproti nacionalne in lokalne politike in drugih sektorjev, utrjevale znanje in kompetence.<\/p>\n<p>V tej garnituri imamo vsebinske mre\u017ee predvsem zato, da analiti\u010dno spremljajo in mislijo svoje podro\u010dje, se pravi da poznajo realnost \u00bbsvojih\u00ab organizacij (te\u017eave in zmo\u017enosti), spremljajo razvoj v tujini in prena\u0161ajo dobre ideje, ter da zastopajo interese nevladnikov v razmerju do politike.<\/p>\n<blockquote><p>Mre\u017ee so skratka tu zato, da bi se nevladniki lahko predvsem ukvarjali s svojim programom, njegovo kvaliteto in inovativnostjo, ne pa izgubljali \u010dasa z osnovnimi pogoji svojega dela, za kar kot socialni delavci, kulturniki, \u0161portniki, ekologi najve\u010dkrat niti niso najbolj kompetentni in zato tudi ne najbolj uspe\u0161ni.<\/p><\/blockquote>\n<p>Da bi vsebinska mre\u017ea to lahko u\u010dinkovito po\u010dela, rabi ne samo dobre povezave s svojo bazo, ampak predvsem tudi odprta vrata na resornem ministrstvu. Tam je ne bi smeli imeti za nebodigatrebo, za vsiljenega sogovornika, temve\u010d za dobrodo\u0161lega in kompetentnega partnerja, ki ministrstvu pomaga razbirati in razumeti potrebe podro\u010dja in njegovih akterjev in razmi\u0161ljati o najustreznej\u0161ih re\u0161itvah in spremembah.<\/p>\n<p>Na \u017ealost predstava na marsikaterem ministrstvu ni tak\u0161na, zlasti ne na tistih, kjer vsebinskih mre\u017e prej niso poznali. Posledi\u010dno seveda no\u010dejo ni\u010d sli\u0161ati niti o njihovem financiranju, ne glede na to, da je od marca lani zakonsko predvideno. Uradni razlogi so najve\u010dkrat, da ni denarja. In pa ne kadrov, ki da bi jih zahteval dodaten razpis. Radi dodajo tudi, da \u010de se ho\u010dejo nevladniki povezovati, naj to financirajo sami, enako kot npr. sindikati. Tak\u0161ni pomisleki so seveda neresni. O prvih dveh se sploh ne spla\u010da zgubljati besed, govorimo o morda 100.000 evrih letno v sicer ve\u010dmilijonskem prora\u010dunu, razpis z enim ali dvema odobrenima projektoma niti kadrovsko ni zahteven, ne za izpeljati ne za spremljati. Tretji argument, ki vle\u010de paralelo s sindikati, je na videz prepri\u010dljivej\u0161i. Toda &#8211; \u010de sindikatov ne bi imeli, bi jih morali enostavno izumiti. Tako krvavo jih rabimo.<\/p>\n<blockquote><p>Primerjava s sindikati zato v resnici govori v prid financiranja vsebinskih mre\u017e; predvsem pa je prekleto cini\u010dna. Vsem je jasno, da je nevladnih organizacij absolutno premalo (v primerjavi s \u010dlanstvom sindikatov) in da so absolutno prerevne (v primerjavi z gospodarstvom), da bi lahko svoje predstavni\u0161ke mre\u017ee financirale same, vsaj ne v meri, da bi to bilo koli\u010dkaj resno.<\/p><\/blockquote>\n<p>Te\u017eko je napovedovati, kdaj in ali sploh bodo znala vsa ministrstva uvideti vlogo vsebinskih mre\u017e in jo tudi financirala. Ra\u010dunati moramo na dobre izku\u0161nje ministrstev za zdravje, zunanje zadeve, javno upravo, mladino, kjer je to \u017ee ute\u010dena praksa. Ra\u010dunati moramo tudi na to, da bodo mre\u017ee same znale ustrezno predstaviti svoje delo in njegove konkretne rezultate.<\/p>\n<blockquote><p>A ra\u010dunati je treba tudi na vse nas v nevladnih organizacijah. Ker \u010de od mre\u017e (upravi\u010deno) zahtevamo, da nam zagotovijo ustrezne pogoje za na\u0161e delovanje, se moramo sami enako potruditi za njih.<\/p><\/blockquote>\n<p>Ko vas zato z ministrstva naslednji\u010d vpra\u0161ajo, kaj je narobe in kaj rabite, ne pozabite na svojo mre\u017eo!<\/p>\n<p><strong>Tina Divjak<\/strong>, vodja zagovorni\u0161tva, CNVOS<\/p>\n<p><em>* Stali\u0161\u010de avtorja ne odra\u017ea nujno stali\u0161\u010de uredni\u0161tva glasila Kulturosfera, ki ga izdaja Dru\u0161tvo Asociacija.<\/em><\/p>\n","protected":false},"excerpt":{"rendered":"<p>Vsebinske mre\u017ee nevladnih organizacij, kot je denimo Asociacija, so klju\u010dne pri povezovanju nevladnega sektorja na posameznem podro\u010dju, profesionalizacije podro\u010dja in izbolj\u0161avi pogojev dela. So tiste, ki se pogajajo s pristojnimi ministrstvi glede razpisov in zakonodaje, predlagajo svoje strategije, skrbijo za izobra\u017eevanja ter povezujejo akterje posameznih podro\u010dji. Tokratno kolumno je prispevala vodja zagovorni\u0161tva na CNVOS Tina &hellip; <a href=\"https:\/\/www.asociacija.si\/si\/2019\/04\/03\/kulturna-premisljevanja-tina-divjak\/\" class=\"more-link\">Preberi ve\u010d o <span class=\"screen-reader-text\">Kulturna premi\u0161ljevanja: Tina Divjak<\/span><\/a><\/p>\n","protected":false},"author":5,"featured_media":0,"comment_status":"closed","ping_status":"closed","sticky":false,"template":"","format":"standard","meta":{"footnotes":""},"categories":[36,37,26,15,22,3,13],"tags":[],"class_list":["post-3877","post","type-post","status-publish","format-standard","hentry","category-caszakulturo","category-kulturosfera","category-ministrstvo-za-kulturo","category-nacionalno","category-nevladne-organizacije","category-novice","category-zagovornistvo"],"_links":{"self":[{"href":"https:\/\/www.asociacija.si\/si\/wp-json\/wp\/v2\/posts\/3877","targetHints":{"allow":["GET"]}}],"collection":[{"href":"https:\/\/www.asociacija.si\/si\/wp-json\/wp\/v2\/posts"}],"about":[{"href":"https:\/\/www.asociacija.si\/si\/wp-json\/wp\/v2\/types\/post"}],"author":[{"embeddable":true,"href":"https:\/\/www.asociacija.si\/si\/wp-json\/wp\/v2\/users\/5"}],"replies":[{"embeddable":true,"href":"https:\/\/www.asociacija.si\/si\/wp-json\/wp\/v2\/comments?post=3877"}],"version-history":[{"count":1,"href":"https:\/\/www.asociacija.si\/si\/wp-json\/wp\/v2\/posts\/3877\/revisions"}],"predecessor-version":[{"id":3878,"href":"https:\/\/www.asociacija.si\/si\/wp-json\/wp\/v2\/posts\/3877\/revisions\/3878"}],"wp:attachment":[{"href":"https:\/\/www.asociacija.si\/si\/wp-json\/wp\/v2\/media?parent=3877"}],"wp:term":[{"taxonomy":"category","embeddable":true,"href":"https:\/\/www.asociacija.si\/si\/wp-json\/wp\/v2\/categories?post=3877"},{"taxonomy":"post_tag","embeddable":true,"href":"https:\/\/www.asociacija.si\/si\/wp-json\/wp\/v2\/tags?post=3877"}],"curies":[{"name":"wp","href":"https:\/\/api.w.org\/{rel}","templated":true}]}}