{"id":3747,"date":"2019-03-05T16:10:06","date_gmt":"2019-03-05T16:10:06","guid":{"rendered":"http:\/\/www.asociacija.si\/si\/?p=3747"},"modified":"2019-03-06T07:57:09","modified_gmt":"2019-03-06T07:57:09","slug":"samozaposleni-in-nvo-v-luci-mandata-novega-ministra","status":"publish","type":"post","link":"https:\/\/www.asociacija.si\/si\/2019\/03\/05\/samozaposleni-in-nvo-v-luci-mandata-novega-ministra\/","title":{"rendered":"Nevladni sektor v lu\u010di mandata novega ministra"},"content":{"rendered":"<p><strong>Na odboru za kulturo je bil potrjen kandidat za novega ministra za kulturo Zoran Pozni\u010d, ki bo po vsej verjetnosti vodil kulturni resor. Bodo\u010dega ministra do sedaj poznamo predvsem po njegovem ustvarjanju in vodenju Delavskega doma Trbovlje, njegovo politi\u010dno uspe\u0161nost pa lahko pri\u010dnemo presojati \u0161ele s predstavitvijo v Dr\u017eavnem zboru.<\/strong><\/p>\n<p>Predstavitev kandidata pred mati\u010dnim delovnim telesom seveda na dopu\u0161\u010da \u0161iroke razprave, a ob skoraj\u0161njem imenovanju novega ministra je vseeno potrebno spomniti tudi na zelo pere\u010de vpra\u0161anje nevladnih organizacij in samozaposlenih v kulturi.<\/p>\n<p><!--more--><\/p>\n<p>Kandidat za ministra v predstavitvi ni posebej izpostavljal problematike NVO in samozaposlenih v kulturi, se je pa razprava o teh dveh podro\u010dji deloma razvila skozi vpra\u0161anja poslank in poslancev. Pozitivno je, da ministrski kandidat ocenjuje, da sta dialo\u0161ki skupini za samozaposlene in nevladne organizacije pomembni telesi, kjer je mo\u017eno voditi strukturirano in strokovno razpravo in kjer je mo\u017eno oblikovati tudi re\u0161itve. Prav tako pozitivno zremo na zaveze oziroma vodila bodo\u010dega ministra, ki naj bi bila debirokratizacija, prevzemanje odgovornosti in poenostavitev postopkov odlo\u010danja. Zagotovo so vsi trije elementi pomembni in nekaj, za kar si tudi v Asociaciji prizadevamo \u017ee dalj \u010dasa.<\/p>\n<p>Na odboru za kulturo smo sicer lahko sli\u0161ali tudi nekaj malega o bolni\u0161kih za samozaposlene, pa o izjemnih pokojninah, prav posebno konkretnih napovedi glede teh vpra\u0161anj pa nismo dobili. Zato je pomembno, da ob tem spomnimo tako na predloge Asociacije kot na dolo\u010dila iz <a href=\"http:\/\/www.strankalms.si\/wp-content\/uploads\/2018\/08\/Koalicijski-sporazum-o-sodelovanju-v-Vladi-Republike-Slovenije-za-mandatno-obdobje-2018\u20132022.pdf\">koalicijske pogodbe<\/a>\u00a0(str. 35 in 36). Slednja na primer predvideva: \u00bbZagotovili bomo samostojno prora\u010dunsko postavko za podro\u010dje nevladnih organizacij in samozaposlenih v kulturi v prora\u010dunu Ministrstva RS za kulturo in podvojitev sredstev do leta 2020.\u00ab Ob tem koalicijska pogodba predvideva tudi zapis poklicnih NVO v krovno zakonodajo ter ureditev in debirokratizacijo razpisov. Dodajmo, da je za leto 2019 nujno, da se z rebalansom zagotovljena sredstva tudi \u010dim prej nameni nevladnim organizacijam. Pozitivno je, da so nekatere od organizacij glede financiranja poimensko izpostavili tudi poslanci, seveda pa spodbujamo ministra, da resno razmisli o razse\u017enosti problema, ki je nastal s programskim razpisom v letu 2018, in sku\u0161a nasloviti vse nastale te\u017eave. Izpostavimo \u0161e, da nevladni sektor potrebuje mo\u010dno in kakovostno vsebinsko mre\u017eo, zato je nujno, da ministrstvo za kulturo \u0161e v letu 2019 zagotovi razpis za tovrstne mre\u017ee, saj na ostalih resorjih dolo\u010dila Zakona o nevladnih organizacijah glede vsebinskih mre\u017e \u017ee pospe\u0161eno uveljavljajo.<\/p>\n<p>Pri samozaposlenih je seznam opravil prav tako dolg. Koalicijska pogodba predvideva: \u00bbNa podro\u010dju samozaposlenih v kulturi je treba poskrbeti za zdravstveno varstvo z bolni\u0161kim dopustom vsaj od \u010detrtega dne naprej, ukiniti je treba cenzus, okrepiti \u0161tipendijsko politiko, uvesti karierno dinamiko, zagotoviti ponovno vzpostavitev izjemnih pokojnin ter poskrbeti za vklju\u010devanje samozaposlenih v razli\u010dne prilo\u017enosti skozi izvenprora\u010dunska sredstva.\u00ab Na odboru je bilo govora tudi o reformi statusa oziroma razvida poklicev samozaposlenih v kulturi. Nujno je, da se nadaljujejo procesi sprememb, ki so bili za\u010deti v letih 2016 in 2017, a nikakor ne smejo reforme iti v smeri kr\u010denja obsega pravic samozaposlenih v kulturi, kar so na odboru insinuirali nekateri poslanci, pa\u010d pa kve\u010djemu v smeri odpiranja in izbolj\u0161anja polo\u017eaja samostojnih ustvarjalcev.<\/p>\n<p>Od Zorana Pozni\u010da kot ministra za kulturo pa veliko pri\u010dakujemo tudi pri strukturnih ukrepih za celotno podro\u010dje kulture. Po njegovih napovedih naj bi \u0161e letos dobili nov Nacionalni program za kulturo, brez katerega smo \u017ee drugo leto. Sprememb in celostne reforme pa naj bi bila dele\u017ena tudi tako krovni zakon v kulturi kot tudi sama organizacija oddelkov in slu\u017eb ministrstva za kulturo.<\/p>\n","protected":false},"excerpt":{"rendered":"<p>Na odboru za kulturo je bil potrjen kandidat za novega ministra za kulturo Zoran Pozni\u010d, ki bo po vsej verjetnosti vodil kulturni resor. Bodo\u010dega ministra do sedaj poznamo predvsem po njegovem ustvarjanju in vodenju Delavskega doma Trbovlje, njegovo politi\u010dno uspe\u0161nost pa lahko pri\u010dnemo presojati \u0161ele s predstavitvijo v Dr\u017eavnem zboru. Predstavitev kandidata pred mati\u010dnim delovnim &hellip; <a href=\"https:\/\/www.asociacija.si\/si\/2019\/03\/05\/samozaposleni-in-nvo-v-luci-mandata-novega-ministra\/\" class=\"more-link\">Preberi ve\u010d o <span class=\"screen-reader-text\">Nevladni sektor v lu\u010di mandata novega ministra<\/span><\/a><\/p>\n","protected":false},"author":5,"featured_media":0,"comment_status":"closed","ping_status":"closed","sticky":false,"template":"","format":"standard","meta":{"footnotes":""},"categories":[6,26,15,22,23,13],"tags":[],"class_list":["post-3747","post","type-post","status-publish","format-standard","hentry","category-dogodki","category-ministrstvo-za-kulturo","category-nacionalno","category-nevladne-organizacije","category-samostojni-ustvarjalci","category-zagovornistvo"],"_links":{"self":[{"href":"https:\/\/www.asociacija.si\/si\/wp-json\/wp\/v2\/posts\/3747","targetHints":{"allow":["GET"]}}],"collection":[{"href":"https:\/\/www.asociacija.si\/si\/wp-json\/wp\/v2\/posts"}],"about":[{"href":"https:\/\/www.asociacija.si\/si\/wp-json\/wp\/v2\/types\/post"}],"author":[{"embeddable":true,"href":"https:\/\/www.asociacija.si\/si\/wp-json\/wp\/v2\/users\/5"}],"replies":[{"embeddable":true,"href":"https:\/\/www.asociacija.si\/si\/wp-json\/wp\/v2\/comments?post=3747"}],"version-history":[{"count":5,"href":"https:\/\/www.asociacija.si\/si\/wp-json\/wp\/v2\/posts\/3747\/revisions"}],"predecessor-version":[{"id":3757,"href":"https:\/\/www.asociacija.si\/si\/wp-json\/wp\/v2\/posts\/3747\/revisions\/3757"}],"wp:attachment":[{"href":"https:\/\/www.asociacija.si\/si\/wp-json\/wp\/v2\/media?parent=3747"}],"wp:term":[{"taxonomy":"category","embeddable":true,"href":"https:\/\/www.asociacija.si\/si\/wp-json\/wp\/v2\/categories?post=3747"},{"taxonomy":"post_tag","embeddable":true,"href":"https:\/\/www.asociacija.si\/si\/wp-json\/wp\/v2\/tags?post=3747"}],"curies":[{"name":"wp","href":"https:\/\/api.w.org\/{rel}","templated":true}]}}