{"id":2032,"date":"2018-02-02T12:40:52","date_gmt":"2018-02-02T12:40:52","guid":{"rendered":"http:\/\/www.asociacija.si\/si\/?p=2032"},"modified":"2018-02-02T12:43:57","modified_gmt":"2018-02-02T12:43:57","slug":"vabilo-na-pogovor-s-strankami-o-neodvisni-kulturi","status":"publish","type":"post","link":"https:\/\/www.asociacija.si\/si\/2018\/02\/02\/vabilo-na-pogovor-s-strankami-o-neodvisni-kulturi\/","title":{"rendered":"Vabilo na pogovor s strankami o neodvisni kulturi"},"content":{"rendered":"<figure id=\"attachment_2035\" aria-describedby=\"caption-attachment-2035\" style=\"width: 783px\" class=\"wp-caption aligncenter\"><a href=\"https:\/\/www.asociacija.si\/si\/wp-content\/uploads\/2018\/02\/Zborovanje-ptic-Gledalisce-Glej-foto-Suncan-Stone-986x1024-1.jpg\"><img loading=\"lazy\" decoding=\"async\" class=\"size-full wp-image-2035\" src=\"https:\/\/www.asociacija.si\/si\/wp-content\/uploads\/2018\/02\/Zborovanje-ptic-Gledalisce-Glej-foto-Suncan-Stone-986x1024-1.jpg\" alt=\"Foto: Sun\u010dan Stone@Glej\" width=\"783\" height=\"813\" srcset=\"https:\/\/www.asociacija.si\/si\/wp-content\/uploads\/2018\/02\/Zborovanje-ptic-Gledalisce-Glej-foto-Suncan-Stone-986x1024-1.jpg 783w, https:\/\/www.asociacija.si\/si\/wp-content\/uploads\/2018\/02\/Zborovanje-ptic-Gledalisce-Glej-foto-Suncan-Stone-986x1024-1-289x300.jpg 289w, https:\/\/www.asociacija.si\/si\/wp-content\/uploads\/2018\/02\/Zborovanje-ptic-Gledalisce-Glej-foto-Suncan-Stone-986x1024-1-768x797.jpg 768w\" sizes=\"auto, (max-width: 783px) 100vw, 783px\" \/><\/a><figcaption id=\"caption-attachment-2035\" class=\"wp-caption-text\">Foto: Sun\u010dan Stone@Glej<\/figcaption><\/figure>\n<p><strong>V \u010dasu globalne krize je bila Slovenija ena izmed redkih dr\u017eav v Evropski uniji, ki je drasti\u010dno zmanj\u0161ala prora\u010dun za kulturo, neodvisna kultura ni nikoli tema pogovorov v predvolilnem \u010dasu, hkrati pa se zdi, da si stranke v povolilni kombinatoriki kulturno ministrstvo podajajo kot kompenzacijo za ostale, \u00bbpomembnej\u0161e\u00ab resorje. Posledi\u010dno ni presenetljivo, da je v zadnjih \u0161tirih letih pri\u0161lo do veliko konfliktov med kulturnim ministrstvom in ustvarjalci, da dialoga prakti\u010dno ni bilo, in da so se sprejemale \u0161kodljive poteze, ki so zamajale kulturni ekosistem.<\/strong><\/p>\n<p>Kam bo \u0161la kultura v prihodnjih \u0161tirih letih? Kako politi\u010dne stranke vidijo re\u0161itev za negotov polo\u017eaj neodvisne kulture in kdo se bo zavzel za dvig sredstev in oblikovanje konsenzualne in razvojne kulturne politike na podro\u010dju neodvisne kulture?<\/p>\n<p><!--more--><\/p>\n<p>Dru\u0161tvo Asociacija, Slovensko mladinsko gledali\u0161\u010de in Zavod Maska vas vabimo na pogovor z naslovom Nov mandat za kulturo: pogovor s predstavniki politi\u010dnih strank, na katerem bodo predstavniki parlamentarnih strank lahko predstavili svoje poglede na re\u0161evanje polo\u017eaja nevladnih organizacij tudi glede na rezultate programskega razpisa Ministrstva za kulturo v obdobju 2018\u20132021.<\/p>\n<p>K sodelovanju smo povabili predstavnike vseh politi\u010dnih strank v dr\u017eavnem zboru, do sedaj pa so svojo udele\u017ebo potrdili:<br \/>\n&#8211; <strong>Dragan Mati\u0107<\/strong>, Stranka modernega centra<br \/>\n&#8211; <strong>Samo Bevk<\/strong>, Socialni demokrati<br \/>\n&#8211; <strong>Violeta Tomi\u010d<\/strong>, Levica<br \/>\n&#8211; <strong>Ljudmila Novak<\/strong>, Nova Slovenija<\/p>\n<p>Pogovor bo vodila <strong>Tanja Lesni\u010dar Pu\u010dko<\/strong>.<\/p>\n<p>Dogodek bo potekal <strong>v ponedeljek, 5. februarja, ob 20:00 na Novi po\u0161ti<\/strong> (Robbova ulica 15, 1000 Ljubljana) v prostoru, ki ga programsko skupaj upravljata javni zavod Slovensko mladinsko gledali\u0161\u010de in nevladna organizacija Maska, zavod za zalo\u017eni\u0161ko, kulturno in producentsko dejavnost.<\/p>\n","protected":false},"excerpt":{"rendered":"<p>V \u010dasu globalne krize je bila Slovenija ena izmed redkih dr\u017eav v Evropski uniji, ki je drasti\u010dno zmanj\u0161ala prora\u010dun za kulturo, neodvisna kultura ni nikoli tema pogovorov v predvolilnem \u010dasu, hkrati pa se zdi, da si stranke v povolilni kombinatoriki kulturno ministrstvo podajajo kot kompenzacijo za ostale, \u00bbpomembnej\u0161e\u00ab resorje. Posledi\u010dno ni presenetljivo, da je v &hellip; <a href=\"https:\/\/www.asociacija.si\/si\/2018\/02\/02\/vabilo-na-pogovor-s-strankami-o-neodvisni-kulturi\/\" class=\"more-link\">Preberi ve\u010d o <span class=\"screen-reader-text\">Vabilo na pogovor s strankami o neodvisni kulturi<\/span><\/a><\/p>\n","protected":false},"author":5,"featured_media":0,"comment_status":"closed","ping_status":"closed","sticky":false,"template":"","format":"standard","meta":{"footnotes":""},"categories":[27,6,15,13],"tags":[],"class_list":["post-2032","post","type-post","status-publish","format-standard","hentry","category-asociacija","category-dogodki","category-nacionalno","category-zagovornistvo"],"_links":{"self":[{"href":"https:\/\/www.asociacija.si\/si\/wp-json\/wp\/v2\/posts\/2032","targetHints":{"allow":["GET"]}}],"collection":[{"href":"https:\/\/www.asociacija.si\/si\/wp-json\/wp\/v2\/posts"}],"about":[{"href":"https:\/\/www.asociacija.si\/si\/wp-json\/wp\/v2\/types\/post"}],"author":[{"embeddable":true,"href":"https:\/\/www.asociacija.si\/si\/wp-json\/wp\/v2\/users\/5"}],"replies":[{"embeddable":true,"href":"https:\/\/www.asociacija.si\/si\/wp-json\/wp\/v2\/comments?post=2032"}],"version-history":[{"count":2,"href":"https:\/\/www.asociacija.si\/si\/wp-json\/wp\/v2\/posts\/2032\/revisions"}],"predecessor-version":[{"id":2036,"href":"https:\/\/www.asociacija.si\/si\/wp-json\/wp\/v2\/posts\/2032\/revisions\/2036"}],"wp:attachment":[{"href":"https:\/\/www.asociacija.si\/si\/wp-json\/wp\/v2\/media?parent=2032"}],"wp:term":[{"taxonomy":"category","embeddable":true,"href":"https:\/\/www.asociacija.si\/si\/wp-json\/wp\/v2\/categories?post=2032"},{"taxonomy":"post_tag","embeddable":true,"href":"https:\/\/www.asociacija.si\/si\/wp-json\/wp\/v2\/tags?post=2032"}],"curies":[{"name":"wp","href":"https:\/\/api.w.org\/{rel}","templated":true}]}}