{"id":12330,"date":"2026-08-31T15:40:10","date_gmt":"2026-08-31T15:40:10","guid":{"rendered":"https:\/\/www.asociacija.si\/si\/?p=12330"},"modified":"2026-08-31T15:40:12","modified_gmt":"2026-08-31T15:40:12","slug":"razpisne-priloznosti-avgust-2026","status":"publish","type":"post","link":"https:\/\/www.asociacija.si\/si\/2026\/08\/31\/razpisne-priloznosti-avgust-2026\/","title":{"rendered":"Razpisne prilo\u017enosti (avgust 2026)"},"content":{"rendered":"\n<p><strong>Vsak mesec za vas izberemo nekaj aktualnih razpisnih prilo\u017enosti s podro\u010dja kulture, namenjenih kulturnim ustvarjalcem in ustvarjalkam.Razpisne prilo\u017enosti (junij 2026)<\/strong>.<\/p>\n\n\n\n<p>Na spodnjem seznamu lahko najdete izbor doma\u010dih in mednarodnih mo\u017enosti za razvoj na razli\u010dnih podro\u010djih kulturnega delovanja.<\/p>\n\n\n\n<!--more-->\n\n\n\n<p><strong>Doma\u010di razpisi<\/strong><\/p>\n\n\n\n<p>Centri Ustvarjalna Evropa MEDIA na Mad\u017earskem, v Severni Makedoniji in Sloveniji v sodelovanju s podjetjem Paradiddle Pictures vabijo slovenske dokumentaristke_e k prijavi na program za razvoj dokumentarnih filmov DocCelerator. Prijavijo se lahko z ustvarjalnimi dokumentarnimi projekti z mednarodnim potencialom, ki so v fazi razvoja. Rok za prijavo je 8. september 2026. <a href=\"https:\/\/motovila.si\/dogodki\/prvic-v-sloveniji-izobrazevalni-program-za-dokumentarne-filme-doccelerator\/\">Ve\u010d informacij<\/a><\/p>\n\n\n\n<p>Dru\u0161tvo novinarjev Slovenije vabi mlade novinarje in novinarke k prijavi v drugo sezono mentorskega programa Dober, bolj\u0161i, z mentorjem. Namen programa je spodbuditi prenos znanja in izku\u0161enj med izku\u0161enej\u0161imi in mlaj\u0161imi novinarji. Rok za prijavo je 10. september 2026. <a href=\"https:\/\/novinar.com\/novica\/vabimo-mlade-novinarje-v-drugo-sezono-mentorskega-programa\/\">Ve\u010d informacij<\/a><br><br>Mestna ob\u010dina Ljubljana ima odprt javni razpis za izbor razstavnih projektov za predstavitev v prostorih MOL v razstavnem letu 2027. Rok za prijavo je 7. september 2026. <a href=\"https:\/\/www.ljubljana.si\/sl\/mestni-servis\/razpisi-razgrnitve-in-javne-objave\/javni-razpis-za-izbor-razstavnih-projektov-za-predstavitev-v-prostorih-mol-v-letu-2027\">Ve\u010d informacij<\/a><\/p>\n\n\n\n<p>SCCA, Zavod za sodobno umetnost \u2013 Ljubljana, v partnerstvu s Cukrarno\/Muzejem in galerijami mesta Ljubljane vabi k vpisu v 21. generacijo \u0161ole Svet umetnosti. Dvoletni program je namenjen vsem, ki jih zanima delo na podro\u010dju sodobne vizualne umetnosti in \u017eelijo spoznati kuratorske prakse ter kriti\u0161ko pisanje. Predhodne izku\u0161nje in dolo\u010dena stopnja izobrazbe niso pogoj za prijavo. Rok za prijave je 4. september 2026. <a href=\"https:\/\/www.scca-ljubljana.si\/vpis-v-21-generacijo-sole-svet-umetnosti\/\">Ve\u010d informacij<\/a><\/p>\n\n\n\n<p>Odprt je javni poziv za program Artist-in-Residence v dunajski Muzejski \u010detrti 2027. Rok za prijavo je 15. september 2026. <a href=\"https:\/\/igorzabel.org\/sl\/novice\/2026\/AiR-MQ-Dunaj-2027\">Ve\u010d informacij<\/a><\/p>\n\n\n\n<p>Festival Pranger vabi v brezpla\u010dni mentorski program Mlada kritika. Rok za prijavo je 5. september 2026. <a href=\"https:\/\/pranger.si\/en\/young-critique\/\">Ve\u010d informacij<\/a><\/p>\n\n\n\n<p>Zavod Carnica vabi umetnice, umetnike, oblikovalke, oblikovalce ter raziskovalke in raziskovalce k prijavi na odprti poziv za sodelovanje na bienalu tekstilne umetnosti BIEN 2027. Rok za prijavo je 21. decemeber 2026. <a href=\"https:\/\/layer.si\/bien\/kr\/open-call-2027\/\">Ve\u010d informacij<\/a><\/p>\n\n\n\n<p><strong>Tuji razpisi<\/strong><\/p>\n\n\n\n<p>\u010cesk\u00e9 Bud\u011bjovice \u2013 Evropska prestolnica kulture 2028 in Ars Electronica vabita umetnike, oblikovalce, druge ustvarjalce in umetni\u0161ke kolektive k prijavi na reziden\u010dni program Ars Biologica ArtXScience. Rok za prijavo je\u00a028. september 2026. <a href=\"https:\/\/www.budejovice2028.eu\/en\/blog\/ars-biologica-artxscience-residency-open-call\">Ve\u010d informacij<\/a><\/p>\n\n\n\n<p>IDRA Teatro je objavil mednarodni poziv\u00a0<em>Residences of Change \u2013 Harnessing the Transformative Power of the Creative Practice<\/em>\u00a0za 31-dnevno umetni\u0161ko rezidenco, ki bo januarja in februarja 2027 potekala v Brescii v Italiji. Rok za prijavo je 5. september 2026. <a href=\"https:\/\/cnvos.si\/aktualno\/13835\/rezidencni-program-v-italiji-za-umetnike-ki-naslavljajo-nasilje-na-podlagi-spola\/\">Ve\u010d informacij<\/a><\/p>\n\n\n\n<p>In\u0161titut za povezovanje, raziskovanje, zalo\u017eni\u0161tvo in promocijo sodobnih umetnosti &#8211;\u00a0ON Rizom\u00a0obve\u0161\u010da, da so odprte prijave na dvotedenski reziden\u010dni in \u0161tipendijski program Odjeci v vasi Mijakovi\u0107i v Bosni in Hercegovini. Namenjen je skladateljem in zvo\u010dnim umetnikom iz dr\u017eav nekdanje Jugoslavije in njihove diaspore. Rok za prijavo je 1. september 2026. <a href=\"https:\/\/zvjezdanestaze.ba\/apply\/open-call\/odjeci\">Ve\u010d informacij<\/a><\/p>\n\n\n\n<p>IdraConnect vabi mednarodne programce, da se prijavijo za udele\u017ebo na festivalu Wonderland (Brescia, Italija), ki bo potekal od 18. do 20. novembra 2026. Rok za prijavo je 15. september 2026. <a href=\"https:\/\/www.wonderlandfestival.it\/2026\/04\/21\/idra-connect-2026-call-for-programmers\/\" data-type=\"link\" data-id=\"https:\/\/www.wonderlandfestival.it\/2026\/04\/21\/idra-connect-2026-call-for-programmers\/\">Ve\u010d informacij<\/a><\/p>\n","protected":false},"excerpt":{"rendered":"<p>Vsak mesec za vas izberemo nekaj aktualnih razpisnih prilo\u017enosti s podro\u010dja kulture, namenjenih kulturnim ustvarjalcem in ustvarjalkam.Razpisne prilo\u017enosti (junij 2026). Na spodnjem seznamu lahko najdete izbor doma\u010dih in mednarodnih mo\u017enosti za razvoj na razli\u010dnih podro\u010djih kulturnega delovanja.<\/p>\n","protected":false},"author":5,"featured_media":0,"comment_status":"closed","ping_status":"closed","sticky":false,"template":"","format":"standard","meta":{"footnotes":""},"categories":[27,37,38],"tags":[],"class_list":["post-12330","post","type-post","status-publish","format-standard","hentry","category-asociacija","category-kulturosfera","category-obveznosti"],"_links":{"self":[{"href":"https:\/\/www.asociacija.si\/si\/wp-json\/wp\/v2\/posts\/12330","targetHints":{"allow":["GET"]}}],"collection":[{"href":"https:\/\/www.asociacija.si\/si\/wp-json\/wp\/v2\/posts"}],"about":[{"href":"https:\/\/www.asociacija.si\/si\/wp-json\/wp\/v2\/types\/post"}],"author":[{"embeddable":true,"href":"https:\/\/www.asociacija.si\/si\/wp-json\/wp\/v2\/users\/5"}],"replies":[{"embeddable":true,"href":"https:\/\/www.asociacija.si\/si\/wp-json\/wp\/v2\/comments?post=12330"}],"version-history":[{"count":1,"href":"https:\/\/www.asociacija.si\/si\/wp-json\/wp\/v2\/posts\/12330\/revisions"}],"predecessor-version":[{"id":12334,"href":"https:\/\/www.asociacija.si\/si\/wp-json\/wp\/v2\/posts\/12330\/revisions\/12334"}],"wp:attachment":[{"href":"https:\/\/www.asociacija.si\/si\/wp-json\/wp\/v2\/media?parent=12330"}],"wp:term":[{"taxonomy":"category","embeddable":true,"href":"https:\/\/www.asociacija.si\/si\/wp-json\/wp\/v2\/categories?post=12330"},{"taxonomy":"post_tag","embeddable":true,"href":"https:\/\/www.asociacija.si\/si\/wp-json\/wp\/v2\/tags?post=12330"}],"curies":[{"name":"wp","href":"https:\/\/api.w.org\/{rel}","templated":true}]}}