{"id":12306,"date":"2026-08-31T13:56:23","date_gmt":"2026-08-31T13:56:23","guid":{"rendered":"https:\/\/www.asociacija.si\/si\/?p=12306"},"modified":"2026-08-31T14:32:42","modified_gmt":"2026-08-31T14:32:42","slug":"izobrazevanje-o-upravnih-pogodbah-v-kulturi","status":"publish","type":"post","link":"https:\/\/www.asociacija.si\/si\/2026\/08\/31\/izobrazevanje-o-upravnih-pogodbah-v-kulturi\/","title":{"rendered":"Kaj moram vedeti, ko vstopam v pogodbo z dr\u017eavo? Upravne pogodbe v kulturno-umetni\u0161kem sektorju skozi teorijo in prakso"},"content":{"rendered":"\n<figure class=\"wp-block-image size-large\"><img loading=\"lazy\" decoding=\"async\" width=\"819\" height=\"1024\" src=\"https:\/\/www.asociacija.si\/si\/wp-content\/uploads\/2026\/08\/Kaj-moram-vedeti-ko-vstopam-v-pogodbo-z-drzavo-819x1024.jpg\" alt=\"\" class=\"wp-image-12319\" srcset=\"https:\/\/www.asociacija.si\/si\/wp-content\/uploads\/2026\/08\/Kaj-moram-vedeti-ko-vstopam-v-pogodbo-z-drzavo-819x1024.jpg 819w, https:\/\/www.asociacija.si\/si\/wp-content\/uploads\/2026\/08\/Kaj-moram-vedeti-ko-vstopam-v-pogodbo-z-drzavo-240x300.jpg 240w, https:\/\/www.asociacija.si\/si\/wp-content\/uploads\/2026\/08\/Kaj-moram-vedeti-ko-vstopam-v-pogodbo-z-drzavo-768x960.jpg 768w, https:\/\/www.asociacija.si\/si\/wp-content\/uploads\/2026\/08\/Kaj-moram-vedeti-ko-vstopam-v-pogodbo-z-drzavo-1229x1536.jpg 1229w, https:\/\/www.asociacija.si\/si\/wp-content\/uploads\/2026\/08\/Kaj-moram-vedeti-ko-vstopam-v-pogodbo-z-drzavo-1639x2048.jpg 1639w, https:\/\/www.asociacija.si\/si\/wp-content\/uploads\/2026\/08\/Kaj-moram-vedeti-ko-vstopam-v-pogodbo-z-drzavo.jpg 1654w\" sizes=\"auto, (max-width: 819px) 100vw, 819px\" \/><\/figure>\n\n\n\n<p class=\"has-medium-font-size\">V dru\u0161tvu Asociacija nadaljujemo s serijo izobra\u017eevanj, namenjenih krepitvi znanj in kompetenc samostojnih delavcev v kulturi ter nevladnih organizacij na podro\u010dju kulture. <\/p>\n\n\n\n<p class=\"has-medium-font-size\">Tokrat vas vabimo na izobra\u017eevanje o upravnih pogodbah s poudarkom na kulturno-umetni\u0161kem sektorju, ki jo bo izvedla docentka na katedri za upravno pravo Pravne fakultete UL, <strong>dr. Katja \u0160temberger Brizani<\/strong>.<\/p>\n\n\n\n<!--more-->\n\n\n\n<p>Izobra\u017eevanje bo izvedeno v <strong>torek, 22. septembra 2026, od 9.00 do 13.00<\/strong> v hibridni obliki: v \u017eivo v Ljubljani na Dalmatinovi 4 in s so\u010dasnim prenosom preko preto\u010dne aplikacije Zoom. Namenjeno je vsem, ki se pri svojem delu sre\u010dujejo s pripravo, sklepanjem ali izvajanjem pogodb na podro\u010dju financiranja kulturnih programov in projektov. Poseben poudarek bo namenjen prakti\u010dnim vpra\u0161anjem, s katerimi se javnopravne in pogodbene stranke sre\u010dujejo pri izvajanju tovrstnih pogodbenih razmerij.<\/p>\n\n\n\n<p>Delavnica bo prilo\u017enost za poglobitev razumevanja pravnih vidikov upravnih pogodb ter za izmenjavo izku\u0161enj in iskanje odgovorov na konkretne dileme, ki se pojavljajo v praksi kulturno-umetni\u0161kega sektorja.<\/p>\n\n\n\n<p>Veselimo se va\u0161e udele\u017ebe in skupnega pogovora.<\/p>\n\n\n\n<p><strong>O predavateljici<\/strong><\/p>\n\n\n\n<p>Doc. dr. Katja \u0160temberger Brizani se je na Pravni fakulteti v Ljubljani kot asistentka za podro\u010dje upravnega prava in prava javne uprave zaposlila takoj po zaklju\u010denem \u0161tudiju, leta 2018. Med novembrom 2019 in septembrom 2020 je opravljala volontersko sodni\u0161ko pripravni\u0161tvo pri Vi\u0161jem sodi\u0161\u010du v Ljubljani in februarja 2021 uspe\u0161no opravila pravni\u0161ki dr\u017eavni izpit. Leta 2023 je pridobila naziv doktorice pravnih znanosti, doktorirala je z doktorsko disertacijo z naslovom <em>Upravne pogodbe v slovenskem pravu<\/em> (do doktorske disertacije lahko dostopate <a href=\"https:\/\/repozitorij.uni-lj.si\/IzpisGradiva.php?id=144520\">tukaj<\/a>). Od maja 2023 kot raziskovalka sodeluje tudi na In\u0161titutu za primerjalno pravo pri Pravni fakulteti Univerze v Ljubljani. Pri svojem pedago\u0161kem in raziskovalnem delu se ukvarja predvsem z upravnim pravom in povezanimi raziskovalnimi disciplinami, zlasti s koncesijami, javnimi naro\u010dili in javno-zasebnimi partnerstvmi. <\/p>\n\n\n\n<p><strong>Prijava in vpra\u0161anja<\/strong><\/p>\n\n\n\n<p>Prijave so odprte do zapolnitve mest, najkasneje pa do 18. septembra 2026. \u0160tevilo mest za udele\u017ebo je omejeno, zato priporo\u010damo pravo\u010dasno prijavo na <a href=\"https:\/\/www.1ka.si\/a\/5728f11a\">tej spletni povezavi<\/a>.<\/p>\n\n\n\n<p>V prijavnem obrazcu boste lahko&nbsp;\u017ee vnaprej zastavili vpra\u0161anja, ki jih bomo posredovali predavateljici.&nbsp;Rok za oddajo vpra\u0161anj je 15. september 2026, saj bo le tako mogo\u010de pripraviti poglobljene odgovore.<\/p>\n\n\n\n<p>Udele\u017eba je brezpla\u010dna, prijava pa obvezna.<\/p>\n\n\n\n<p>Izvedbo izobra\u017eevanja omogo\u010data in podpirata Ministrstvo za kulturo Republike Slovenije in Mestna ob\u010dina Ljubljana.<\/p>\n\n\n\n<p><\/p>\n","protected":false},"excerpt":{"rendered":"<p>V dru\u0161tvu Asociacija nadaljujemo s serijo izobra\u017eevanj, namenjenih krepitvi znanj in kompetenc samostojnih delavcev v kulturi ter nevladnih organizacij na podro\u010dju kulture. Tokrat vas vabimo na izobra\u017eevanje o upravnih pogodbah s poudarkom na kulturno-umetni\u0161kem sektorju, ki jo bo izvedla docentka na katedri za upravno pravo Pravne fakultete UL, dr. Katja \u0160temberger Brizani.<\/p>\n","protected":false},"author":5,"featured_media":0,"comment_status":"closed","ping_status":"closed","sticky":false,"template":"","format":"standard","meta":{"footnotes":""},"categories":[51,27,6,3,10],"tags":[],"class_list":["post-12306","post","type-post","status-publish","format-standard","hentry","category-izobrazevanja","category-asociacija","category-dogodki","category-novice","category-usposabljanja"],"_links":{"self":[{"href":"https:\/\/www.asociacija.si\/si\/wp-json\/wp\/v2\/posts\/12306","targetHints":{"allow":["GET"]}}],"collection":[{"href":"https:\/\/www.asociacija.si\/si\/wp-json\/wp\/v2\/posts"}],"about":[{"href":"https:\/\/www.asociacija.si\/si\/wp-json\/wp\/v2\/types\/post"}],"author":[{"embeddable":true,"href":"https:\/\/www.asociacija.si\/si\/wp-json\/wp\/v2\/users\/5"}],"replies":[{"embeddable":true,"href":"https:\/\/www.asociacija.si\/si\/wp-json\/wp\/v2\/comments?post=12306"}],"version-history":[{"count":7,"href":"https:\/\/www.asociacija.si\/si\/wp-json\/wp\/v2\/posts\/12306\/revisions"}],"predecessor-version":[{"id":12321,"href":"https:\/\/www.asociacija.si\/si\/wp-json\/wp\/v2\/posts\/12306\/revisions\/12321"}],"wp:attachment":[{"href":"https:\/\/www.asociacija.si\/si\/wp-json\/wp\/v2\/media?parent=12306"}],"wp:term":[{"taxonomy":"category","embeddable":true,"href":"https:\/\/www.asociacija.si\/si\/wp-json\/wp\/v2\/categories?post=12306"},{"taxonomy":"post_tag","embeddable":true,"href":"https:\/\/www.asociacija.si\/si\/wp-json\/wp\/v2\/tags?post=12306"}],"curies":[{"name":"wp","href":"https:\/\/api.w.org\/{rel}","templated":true}]}}