{"id":12291,"date":"2026-08-31T12:52:10","date_gmt":"2026-08-31T12:52:10","guid":{"rendered":"https:\/\/www.asociacija.si\/si\/?p=12291"},"modified":"2026-08-31T12:53:58","modified_gmt":"2026-08-31T12:53:58","slug":"asociacija-na-srecanju-s-ps-svoboda","status":"publish","type":"post","link":"https:\/\/www.asociacija.si\/si\/2026\/08\/31\/asociacija-na-srecanju-s-ps-svoboda\/","title":{"rendered":"Asociacija na sre\u010danju s PS Svoboda"},"content":{"rendered":"\n<figure class=\"wp-block-image size-large\"><img loading=\"lazy\" decoding=\"async\" width=\"1024\" height=\"768\" src=\"https:\/\/www.asociacija.si\/si\/wp-content\/uploads\/2026\/08\/Picture1-2-1024x768.jpg\" alt=\"\" class=\"wp-image-12296\" srcset=\"https:\/\/www.asociacija.si\/si\/wp-content\/uploads\/2026\/08\/Picture1-2-1024x768.jpg 1024w, https:\/\/www.asociacija.si\/si\/wp-content\/uploads\/2026\/08\/Picture1-2-300x225.jpg 300w, https:\/\/www.asociacija.si\/si\/wp-content\/uploads\/2026\/08\/Picture1-2-768x576.jpg 768w, https:\/\/www.asociacija.si\/si\/wp-content\/uploads\/2026\/08\/Picture1-2.jpg 1384w\" sizes=\"auto, (max-width: 1024px) 100vw, 1024px\" \/><figcaption class=\"wp-element-caption\">Foto: Dru\u0161tvo Asociacija<\/figcaption><\/figure>\n\n\n\n<p><strong>Predstavniki Dru\u0161tva Asociacija so se v \u010detrtek, 27. avgusta 2026, v prostorih Dr\u017eavnega zbora RS sre\u010dali s \u010dlani Poslanske skupine Svoboda. Sre\u010danja so se v imenu Asociacije udele\u017eili predsednik Uro\u0161 Veber, \u010dlan uredni\u0161kega odbora Nik Drozg in strokovni sodelavec Tadej Pavkovi\u0107, v imenu Poslanske skupine Svoboda pa poslanci Andrej Klemenc, Tamara Vonta in Sara \u017dibrat.<\/strong><\/p>\n\n\n\n<!--more-->\n\n\n\n<p>Osrednja tema sre\u010danja je bila izmenjava informacij o stanju nevladne kulture ob spremembah v vodstvu Ministrstva za kulturo ter zadr\u017eevanju postopkov in izpla\u010dil, kot jih je Asociacija zaznala na podlagi hitre ankete ter v okviru svoje strokovne in zagovorni\u0161ke dejavnosti.<\/p>\n\n\n\n<p>Osrednji del sre\u010danja je bil tako namenjen predstavitvi ugotovitev ankete in izku\u0161enj strokovne pisarne Asociacije. Asociacija je poslancem predstavila vpliv zamud pri postopkih in financiranju na izvajanje programov ter izzive, s katerimi se na strokovno pisarno obra\u010dajo posamezniki ter predstavniki organizacij in institucij na podro\u010dju kulture.<\/p>\n\n\n\n<p>V nadaljevanju so predstavniki Asociacije odprli tudi vpra\u0161anje aktualnega na\u010dina sprejemanja odlo\u010ditev na Ministrstvu za kulturo. Pri tem so poudarili pomen razlikovanja med zmanj\u0161evanjem administrativnih bremen, kar je dobrodo\u0161la debirokratizacija in nevarnostmi zmanj\u0161evanja strokovne, razvojne, podporne in produkcijske infrastrukture na podro\u010dju kulture, ki ustvarjalnost omogo\u010da. Dotaknili so se tudi napovedanih sprememb medijske zakonodaje.<\/p>\n","protected":false},"excerpt":{"rendered":"<p>Predstavniki Dru\u0161tva Asociacija so se v \u010detrtek, 27. avgusta 2026, v prostorih Dr\u017eavnega zbora RS sre\u010dali s \u010dlani Poslanske skupine Svoboda. Sre\u010danja so se v imenu Asociacije udele\u017eili predsednik Uro\u0161 Veber, \u010dlan uredni\u0161kega odbora Nik Drozg in strokovni sodelavec Tadej Pavkovi\u0107, v imenu Poslanske skupine Svoboda pa poslanci Andrej Klemenc, Tamara Vonta in Sara \u017dibrat.<\/p>\n","protected":false},"author":5,"featured_media":12296,"comment_status":"closed","ping_status":"closed","sticky":false,"template":"","format":"standard","meta":{"footnotes":""},"categories":[27,26,1,3],"tags":[],"class_list":["post-12291","post","type-post","status-publish","format-standard","has-post-thumbnail","hentry","category-asociacija","category-ministrstvo-za-kulturo","category-nekategorizirano","category-novice"],"_links":{"self":[{"href":"https:\/\/www.asociacija.si\/si\/wp-json\/wp\/v2\/posts\/12291","targetHints":{"allow":["GET"]}}],"collection":[{"href":"https:\/\/www.asociacija.si\/si\/wp-json\/wp\/v2\/posts"}],"about":[{"href":"https:\/\/www.asociacija.si\/si\/wp-json\/wp\/v2\/types\/post"}],"author":[{"embeddable":true,"href":"https:\/\/www.asociacija.si\/si\/wp-json\/wp\/v2\/users\/5"}],"replies":[{"embeddable":true,"href":"https:\/\/www.asociacija.si\/si\/wp-json\/wp\/v2\/comments?post=12291"}],"version-history":[{"count":5,"href":"https:\/\/www.asociacija.si\/si\/wp-json\/wp\/v2\/posts\/12291\/revisions"}],"predecessor-version":[{"id":12299,"href":"https:\/\/www.asociacija.si\/si\/wp-json\/wp\/v2\/posts\/12291\/revisions\/12299"}],"wp:featuredmedia":[{"embeddable":true,"href":"https:\/\/www.asociacija.si\/si\/wp-json\/wp\/v2\/media\/12296"}],"wp:attachment":[{"href":"https:\/\/www.asociacija.si\/si\/wp-json\/wp\/v2\/media?parent=12291"}],"wp:term":[{"taxonomy":"category","embeddable":true,"href":"https:\/\/www.asociacija.si\/si\/wp-json\/wp\/v2\/categories?post=12291"},{"taxonomy":"post_tag","embeddable":true,"href":"https:\/\/www.asociacija.si\/si\/wp-json\/wp\/v2\/tags?post=12291"}],"curies":[{"name":"wp","href":"https:\/\/api.w.org\/{rel}","templated":true}]}}