{"id":11507,"date":"2026-04-29T08:47:21","date_gmt":"2026-04-29T08:47:21","guid":{"rendered":"https:\/\/www.asociacija.si\/si\/?p=11507"},"modified":"2026-04-29T08:47:22","modified_gmt":"2026-04-29T08:47:22","slug":"razpisne-priloznosti-april-2026","status":"publish","type":"post","link":"https:\/\/www.asociacija.si\/si\/2026\/04\/29\/razpisne-priloznosti-april-2026\/","title":{"rendered":"Razpisne prilo\u017enosti (april 2026)"},"content":{"rendered":"\n<p><strong>Vsak mesec za vas izberemo nekaj aktualnih razpisnih prilo\u017enosti s podro\u010dja kulture, namenjenih kulturnim ustvarjalcem in ustvarjalkam.<\/strong><\/p>\n\n\n\n<p>Na spodnjem seznamu lahko najdete izbor doma\u010dih in mednarodnih mo\u017enosti za razvoj na razli\u010dnih podro\u010djih kulturnega delovanja.<\/p>\n\n\n\n<!--more-->\n\n\n\n<p><strong>Doma\u010di razpisi<\/strong><\/p>\n\n\n\n<p>Objavljen je mednarodni razpis za sofinanciranje kulturnih in umetni\u0161kih projektov, ki bodo vklju\u010deni v uradni program Evropske prestolnice kulture 2028 \u2013 \u010cesk\u00e9 Bud\u011bjovice. Rok za oddajo prijave je 10. julij 2026. <a href=\"https:\/\/www.budejovice2028.eu\/en\/open-call\">Ve\u010d informacij<\/a> <\/p>\n\n\n\n<p>Fundacija BBVA je objavila poziv za nominacije za\u00a0Frontiers of Knowledge Awards, mednarodne nagrade, namenjene prepoznavanju izjemnih dose\u017ekov na podro\u010dju znanosti in umetnosti. Rok za prijavo je 30. junij 2026. <a href=\"https:\/\/www.frontiersofknowledgeawards-fbbva.es\/conditions\/\">Ve\u010d informacij<\/a><\/p>\n\n\n\n<p>Odprte so prijave na 15. mednarodni festival dokumentarnega filma\u00a0DOKUDOC 2026. Rok za prijavo je 30. junij 2026. <a href=\"https:\/\/dokudoc.si\/sl\/prijave\/prijavnica-na-festival\">Ve\u010d informacij<\/a><\/p>\n\n\n\n<p>Dru\u0161tvo \u0160KUC obve\u0161\u010da, da je objavljen poziv\u00a042. Festival LGBT filma\u00a0za prijave kratkih filmov (do 30 minut), ki obravnavajo LGBT+ tematiko, like ali zgodbe. Rok za prijavo je 1. september 2026. <a href=\"https:\/\/skuc.org\/poziv-za-kratke-filme-42-festival-LGBT-filma\">Ve\u010d informacij<\/a><\/p>\n\n\n\n<p>Dru\u0161tvo Mesto \u017eensk je objavilo javni poziv za 2-mese\u010dno pla\u010dano raziskovalno rezidenco v Ljubljani, ki poteka v okviru mednarodnega projekta BRIDGE: Building, Revising, Including \u2013 Diaspora and Gender Equality. Rok za prijavo je 7. junij 2026. <a href=\"https:\/\/mestozensk.org\/sl\/novice\/javni-poziv-za-2-mesecno-placano-raziskovalno-rezidenco\">Ve\u010d informacij<\/a><\/p>\n\n\n\n<p>Pekarna Magdalenske mre\u017ee kot producent festivala StopTrik MFF je objavila poziv za prijavo filmov na 16. izvedbo mednarodnega festivala, ki bo potekala med 23. in 27. septembrom 2026 v Mariboru. Prijave je mogo\u010de oddati do 10. julija 2026. <a href=\"https:\/\/www.stoptrik.com\/novice\/poziv-za-prijave-2026\">Ve\u010d informacij<\/a><\/p>\n\n\n\n<p>Plesni teater Ljubljana v sodelovanju s Slovensko kinoteko vabi k prijavi filmov na 7. Ve\u010der plesnega filma, ki bo potekal 30. septembra 2026 v Slovenski kinoteki. Rok za prijavo je 1. avgust 2026. <a href=\"https:\/\/ptl.si\/new-blog\/2026\/3\/31\/prijavi-svoj-film-na-7-veer-plesnega-filma-v-slovenski-kinoteki\">Ve\u010d informacij<\/a><\/p>\n\n\n\n<p>Dru\u0161tvo likovnih umetnikov Maribor (DLUM) je objavilo razpis \u00bbVabljeni mladi 2026\u00ab, ki letos obele\u017euje 25. izvedbo. Namenjen je mladim likovnim in vizualnim ustvarjalcem do vklju\u010dno 35. leta starosti, ki delujejo v Sloveniji in niso \u010dlani DLUM ali ZDSLU. Rok za prijavo je 24. maj 2026. <a href=\"https:\/\/www.dlum.si\/dogodki-novice\/razpis-vabljeni-mladi-2026\">Ve\u010d informacij<\/a><\/p>\n\n\n\n<p>Prijave na 15. mednarodni festival dokumentarnega filma&nbsp;DOKUDOC 2026&nbsp;so odprte za \u0161ir\u0161o javnost. Rok za oddajo prijav je&nbsp;30. junij 2026. <a href=\"https:\/\/dokudoc.si\/sl\/prijave\/prijavnica-na-festival\">Ve\u010d informacij<\/a><\/p>\n\n\n\n<p><strong>Tuji razpisi<\/strong><\/p>\n\n\n\n<p>Chalet du Parc v sodelovanju z Maison Gutenberg razpisuje javni razpis za svoj program umetni\u0161kih rezidenc. V okviru prve izvedbe programa bodo potekale tri ustvarjalne rezidence v edinstvenem kulturnem in naravnem okolju v Lyonu. Rok za prijavo je 15. maj 2026. <a href=\"https:\/\/www.chaletduparc.fr\/\">Ve\u010d informacij<\/a><\/p>\n\n\n\n<p>Mesto literature Wonju ponuja enemu piscu iz mesta literature prilo\u017enost, da pride v Wonju in osem tednov biva v kulturnem centru Toji. V razpisu za leto 2026 bo, tako kot v preteklih letih, en pisec iz mest literature in\/ali pisec, ki ima tesno povezavo z mesti literature, dele\u017een reziden\u010dnega programa Wonju 2026. Rok za prijavo je 31. maj 2026. <a href=\"https:\/\/www.cityofliterature.co.nz\/news\/article\/PdkPExI\/call-for-applications-wonju-unesco-city-of-literature-residency-2026\">Ve\u010d informacij<\/a><\/p>\n\n\n\n<p>Organizacija One Caucasus vabi mednarodne glasbenike, naj se prijavijo na glasbeno akademijo One Caucasus Music Academy 2026, ki bo od 13. do 22. avgusta 2026 zdru\u017eevala glasbo, sodelovanje in povezovanje z Gruzijo. Rok za prijavo je 20. maj 2026. <a href=\"https:\/\/www.onecaucasus.org\/news\/348-tbilisioas-3\">Ve\u010d informacij<\/a><\/p>\n\n\n\n<p>Reziden\u010dni program \u00bbRoots and Routes\u00ab 2026 je javni razpis za umetnike, ki se \u017eelijo udele\u017eiti reziden\u010dnega programa v gradu Gjirokastra in vasi Luzat v Albaniji v okviru projekta MON-ART \u00bbMonasteries of Art\u00ab. Reziden\u010dni program udele\u017eence vabi, da se prek umetni\u0161kega ustvarjanja pove\u017eejo z lokalno dedi\u0161\u010dino, skupnostmi in pokrajino. Rok za prijavo je 25. maj 2026. <a href=\"https:\/\/mon-art.org\/#\/residencies\/the-gjirokastra-foundation-gjirokastra-and-luzat-albania-roots-and-routes-residence-2026\">Ve\u010d informacij<\/a><\/p>\n\n\n\n<p>Fundacija IZOLYATSIA v sodelovanju z organizacijama Mal\u00fd Berl\u00edn in Trans Europe Halles objavlja prvi javni razpis programa ZMINA:Resilience za sofinanciranje mednarodnih projektov soustvarjanja na podro\u010dju umetnosti in kulture. Rok za prijavo je 10. maj 2026. <a href=\"https:\/\/platform.izolyatsia.org\/en\/contest\/zmina-resilience-cocreation-one\">Ve\u010d informacij<\/a><\/p>\n\n\n\n<p>V okviru ERC projekta za podporo znanstvenemu novinarstvu Frontiers (Fellowship Residencies Offering science News professionals Tools and training for Independent and Ethical Reporting on Science) se je 25. februarja odprl \u010detrti (in zadnji) razpis za rezidence. Rok za prijavo je 25. maj 2026. <a href=\"https:\/\/frontiers.media\/residencies\/call-for-applications-round-4\/\">Ve\u010d informacij<\/a><\/p>\n","protected":false},"excerpt":{"rendered":"<p>Vsak mesec za vas izberemo nekaj aktualnih razpisnih prilo\u017enosti s podro\u010dja kulture, namenjenih kulturnim ustvarjalcem in ustvarjalkam. Na spodnjem seznamu lahko najdete izbor doma\u010dih in mednarodnih mo\u017enosti za razvoj na razli\u010dnih podro\u010djih kulturnega delovanja.<\/p>\n","protected":false},"author":5,"featured_media":0,"comment_status":"closed","ping_status":"closed","sticky":false,"template":"","format":"standard","meta":{"footnotes":""},"categories":[27,23],"tags":[],"class_list":["post-11507","post","type-post","status-publish","format-standard","hentry","category-asociacija","category-samostojni-ustvarjalci"],"_links":{"self":[{"href":"https:\/\/www.asociacija.si\/si\/wp-json\/wp\/v2\/posts\/11507","targetHints":{"allow":["GET"]}}],"collection":[{"href":"https:\/\/www.asociacija.si\/si\/wp-json\/wp\/v2\/posts"}],"about":[{"href":"https:\/\/www.asociacija.si\/si\/wp-json\/wp\/v2\/types\/post"}],"author":[{"embeddable":true,"href":"https:\/\/www.asociacija.si\/si\/wp-json\/wp\/v2\/users\/5"}],"replies":[{"embeddable":true,"href":"https:\/\/www.asociacija.si\/si\/wp-json\/wp\/v2\/comments?post=11507"}],"version-history":[{"count":4,"href":"https:\/\/www.asociacija.si\/si\/wp-json\/wp\/v2\/posts\/11507\/revisions"}],"predecessor-version":[{"id":11512,"href":"https:\/\/www.asociacija.si\/si\/wp-json\/wp\/v2\/posts\/11507\/revisions\/11512"}],"wp:attachment":[{"href":"https:\/\/www.asociacija.si\/si\/wp-json\/wp\/v2\/media?parent=11507"}],"wp:term":[{"taxonomy":"category","embeddable":true,"href":"https:\/\/www.asociacija.si\/si\/wp-json\/wp\/v2\/categories?post=11507"},{"taxonomy":"post_tag","embeddable":true,"href":"https:\/\/www.asociacija.si\/si\/wp-json\/wp\/v2\/tags?post=11507"}],"curies":[{"name":"wp","href":"https:\/\/api.w.org\/{rel}","templated":true}]}}