{"id":11499,"date":"2026-04-28T10:10:01","date_gmt":"2026-04-28T10:10:01","guid":{"rendered":"https:\/\/www.asociacija.si\/si\/?p=11499"},"modified":"2026-04-28T10:10:02","modified_gmt":"2026-04-28T10:10:02","slug":"asociacija-in-motovila-s-skupnim-pozivom-vladi-vec-sredstev-eu-za-kulturo-v-prihodnjem-proracunu","status":"publish","type":"post","link":"https:\/\/www.asociacija.si\/si\/2026\/04\/28\/asociacija-in-motovila-s-skupnim-pozivom-vladi-vec-sredstev-eu-za-kulturo-v-prihodnjem-proracunu\/","title":{"rendered":"Asociacija in Motovila s skupnim pozivom vladi: ve\u010d sredstev EU za kulturo v prihodnjem prora\u010dunu"},"content":{"rendered":"\n<figure class=\"wp-block-image size-large\"><img loading=\"lazy\" decoding=\"async\" width=\"1024\" height=\"683\" src=\"https:\/\/www.asociacija.si\/si\/wp-content\/uploads\/2022\/07\/standard_compressed_48874739762_cd965ce58c_o-1024x683.jpg\" alt=\"\" class=\"wp-image-7305\" srcset=\"https:\/\/www.asociacija.si\/si\/wp-content\/uploads\/2022\/07\/standard_compressed_48874739762_cd965ce58c_o-1024x683.jpg 1024w, https:\/\/www.asociacija.si\/si\/wp-content\/uploads\/2022\/07\/standard_compressed_48874739762_cd965ce58c_o-300x200.jpg 300w, https:\/\/www.asociacija.si\/si\/wp-content\/uploads\/2022\/07\/standard_compressed_48874739762_cd965ce58c_o-768x512.jpg 768w, https:\/\/www.asociacija.si\/si\/wp-content\/uploads\/2022\/07\/standard_compressed_48874739762_cd965ce58c_o.jpg 1200w\" sizes=\"auto, (max-width: 1024px) 100vw, 1024px\" \/><\/figure>\n\n\n\n<p><strong>Asociacija, dru\u0161tvo nevladnih organizacij in samostojnih ustvarjalcev, ter Motovila, Center Ustvarjalna Evropa v Sloveniji, sta na ministra za finance Klemna Bo\u0161tjan\u010di\u010da 16. aprila 2026 naslovila skupno <mark style=\"background-color:rgba(0, 0, 0, 0)\" class=\"has-inline-color has-medium-pink-color\">pismo s pozivom k okrepitvi podpore kulturi v prihodnjem ve\u010dletnem finan\u010dnem okviru Evropske unije (2028\u20132034)<\/mark>. Pismo, ki sta ga v imenu organizacij podpisala Uro\u0161 Veber in Mateja Lazar, je bilo poslano tudi ve\u010d resornim ministrom in predstavnikom Slovenije na evropski ravni.<\/strong><\/p>\n\n\n\n<p class=\"has-text-align-center\"><a href=\"https:\/\/www.asociacija.si\/si\/wp-content\/uploads\/2026\/04\/Poziv-k-povecanju-sredstev-za-kulturo-v-okviru-MFF-2028\u20132034_april-2026.pdf\">PREBERI CELOTEN POZIV VLADI<\/a><\/p>\n\n\n\n<p>V \u010dasu, ko dr\u017eave \u010dlanice usklajujejo prioritete prihodnjega prora\u010duna EU, smo poudarili, da mora Slovenija podpreti ambicioznej\u0161e financiranje kulture. Kultura in umetnost namre\u010d nista le temelj demokrati\u010dne identitete in dru\u017ebene kohezije, temve\u010d klju\u010dna nalo\u017eba v ustvarjalni potencial in dolgoro\u010dno konkuren\u010dnost Slovenije in Evrope.<\/p>\n\n\n\n<!--more-->\n\n\n\n<p><strong>Pove\u010danje sredstev in novi viri financiranja<\/strong><\/p>\n\n\n\n<p>Osrednji predlog v pozivu je pove\u010danje prora\u010duna predlaganega programa AgoraEU, ki naj bi zdru\u017eil programa Ustvarjalna Evropa in CERV. \u010ceprav Evropska komisija predlaga prora\u010dun, vreden 8,6 milijarde evrov, v Asociaciji in Motovili podpiramo stali\u0161\u010de Evropskega parlamenta, naj se sredstva pove\u010dajo na 12 milijard evrov. Ob tem predlagamo inovativne vire financiranja, med njimi preusmerjanje glob, ki jih EU nalaga velikim tehnolo\u0161kim podjetjem zaradi kr\u0161itev digitalne zakonodaje, v podporo kulturi in umetnosti. Opozorili smo tudi na nujnost jasne namenske razporeditve sredstev znotraj programa, pri \u010demer predlagajo, da se najmanj 25 % prora\u010duna nameni kulturnemu sklopu.<\/p>\n\n\n\n<p><strong>Kultura kot del raziskav, inovacij in konkuren\u010dnosti<\/strong><\/p>\n\n\n\n<p>V pismu smo izpostavili, da morata kultura in umetnost ostati jasno prepoznani tudi v prihodnjem programu Obzorje Evropa, predlagali pa njuno vklju\u010ditev v steber <em>Dru\u017eba z ustreznim finan\u010dnim dele\u017eem<\/em>. Prav tako smo opozorili na pomanjkanje podpore kulturnim in ustvarjalnim industrijam v predlaganem Evropskem skladu za konkuren\u010dnost ter predlagali uvedbo posebnih ciljev, ki bi okrepili digitalni razvoj, inovacije in mednarodno konkuren\u010dnost sektorja.<\/p>\n\n\n\n<p><strong>Socialna varnost in kohezija<\/strong><\/p>\n\n\n\n<p>Pomemben poudarek pisma je izbolj\u0161anje delovnih pogojev v kulturnem sektorju. Predlagali smo, da Evropski socialni sklad nameni vsaj 10 % sredstev kulturnim ciljem, vklju\u010dno s podporo zaposlovanju, razvoju ve\u0161\u010din in socialni vklju\u010denosti. Ob tem smo opozorili na vpliv umetne inteligence na prihodke ustvarjalcev in potrebo po sistemskih ukrepih. Podoben pristop smo pri tem predlagali tudi, ko gre za kohezijska sredstva, pri \u010demer zagovarjamo, da se 2 % sredstev nameni kulturi, ob upo\u0161tevanju jasnih na\u010delih dostopnosti, geografske uravnote\u017eenosti in po\u0161tenega pla\u010dila.<\/p>\n\n\n\n<p><strong>Kultura v mednarodnih odnosih<\/strong><\/p>\n\n\n\n<p>Na podro\u010dju zunanjega delovanja EU smo v Asociaciji in Motovili predlagali vzpostavitev posebnega cilja za spodbujanje mednarodnih kulturnih odnosov v okviru instrumenta Globalna Evropa, pri \u010demer bi morali dejavnosti nameniti vsaj 10 % prora\u010duna tega stebra.<\/p>\n\n\n\n<p><strong>Poziv k aktivni vlogi Slovenije<\/strong><\/p>\n\n\n\n<p>V Asociaciji in Motovili smo ministra za finance pri tem pozivali, naj Slovenija v pogajanjih na ravni Sveta EU aktivno podpre predlagane ukrepe in zagotovi, da bo kultura ustrezno zastopana v prihodnjem prora\u010dunu. ob tem pa izrazili pripravljenost za nadaljnji dialog in podrobnej\u0161o predstavitev predlogov.<\/p>\n","protected":false},"excerpt":{"rendered":"<p>Asociacija, dru\u0161tvo nevladnih organizacij in samostojnih ustvarjalcev, ter Motovila, Center Ustvarjalna Evropa v Sloveniji, sta na ministra za finance Klemna Bo\u0161tjan\u010di\u010da 16. aprila 2026 naslovila skupno pismo s pozivom k okrepitvi podpore kulturi v prihodnjem ve\u010dletnem finan\u010dnem okviru Evropske unije (2028\u20132034). Pismo, ki sta ga v imenu organizacij podpisala Uro\u0161 Veber in Mateja Lazar, je &hellip; <a href=\"https:\/\/www.asociacija.si\/si\/2026\/04\/28\/asociacija-in-motovila-s-skupnim-pozivom-vladi-vec-sredstev-eu-za-kulturo-v-prihodnjem-proracunu\/\" class=\"more-link\">Preberi ve\u010d o <span class=\"screen-reader-text\">Asociacija in Motovila s skupnim pozivom vladi: ve\u010d sredstev EU za kulturo v prihodnjem prora\u010dunu<\/span><\/a><\/p>\n","protected":false},"author":5,"featured_media":0,"comment_status":"closed","ping_status":"closed","sticky":false,"template":"","format":"standard","meta":{"footnotes":""},"categories":[27,6,37,16,12,26,15,22,3,23,13],"tags":[],"class_list":["post-11499","post","type-post","status-publish","format-standard","hentry","category-asociacija","category-dogodki","category-kulturosfera","category-mednarodno","category-medsektorsko-povezovanje","category-ministrstvo-za-kulturo","category-nacionalno","category-nevladne-organizacije","category-novice","category-samostojni-ustvarjalci","category-zagovornistvo"],"_links":{"self":[{"href":"https:\/\/www.asociacija.si\/si\/wp-json\/wp\/v2\/posts\/11499","targetHints":{"allow":["GET"]}}],"collection":[{"href":"https:\/\/www.asociacija.si\/si\/wp-json\/wp\/v2\/posts"}],"about":[{"href":"https:\/\/www.asociacija.si\/si\/wp-json\/wp\/v2\/types\/post"}],"author":[{"embeddable":true,"href":"https:\/\/www.asociacija.si\/si\/wp-json\/wp\/v2\/users\/5"}],"replies":[{"embeddable":true,"href":"https:\/\/www.asociacija.si\/si\/wp-json\/wp\/v2\/comments?post=11499"}],"version-history":[{"count":1,"href":"https:\/\/www.asociacija.si\/si\/wp-json\/wp\/v2\/posts\/11499\/revisions"}],"predecessor-version":[{"id":11501,"href":"https:\/\/www.asociacija.si\/si\/wp-json\/wp\/v2\/posts\/11499\/revisions\/11501"}],"wp:attachment":[{"href":"https:\/\/www.asociacija.si\/si\/wp-json\/wp\/v2\/media?parent=11499"}],"wp:term":[{"taxonomy":"category","embeddable":true,"href":"https:\/\/www.asociacija.si\/si\/wp-json\/wp\/v2\/categories?post=11499"},{"taxonomy":"post_tag","embeddable":true,"href":"https:\/\/www.asociacija.si\/si\/wp-json\/wp\/v2\/tags?post=11499"}],"curies":[{"name":"wp","href":"https:\/\/api.w.org\/{rel}","templated":true}]}}