{"id":11480,"date":"2026-04-28T08:40:48","date_gmt":"2026-04-28T08:40:48","guid":{"rendered":"https:\/\/www.asociacija.si\/si\/?p=11480"},"modified":"2026-04-28T08:40:49","modified_gmt":"2026-04-28T08:40:49","slug":"kulturna-mobilnost-2026-objavljen-vodic-po-mednarodnih-priloznostih-v-kontekstu-strukturnih-neenakosti","status":"publish","type":"post","link":"https:\/\/www.asociacija.si\/si\/2026\/04\/28\/kulturna-mobilnost-2026-objavljen-vodic-po-mednarodnih-priloznostih-v-kontekstu-strukturnih-neenakosti\/","title":{"rendered":"Kulturna mobilnost 2026: objavljen vodi\u010d po mednarodnih prilo\u017enostih v kontekstu strukturnih neenakosti"},"content":{"rendered":"\n<p><strong>Pred Forumom kulturne mobilnosti 2026, ki se v severnomakedonskem Skopju za\u010del danes, je organizacija On the Move izdala \u017ee peto izdajo <em><mark style=\"background-color:rgba(0, 0, 0, 0)\" class=\"has-inline-color has-medium-pink-color\">Cultural Mobility Yearbook 2026<\/mark>. <\/em>Publikacija pri tem ponuja vpogled v razpise, prilo\u017enosti za rezidence, sre\u010danja \u0161tipendije, izobra\u017eevalne programe ter druge oblike prilo\u017enosti za pla\u010dano mobilnost umetnikov in kulturnih delavcev, pri \u010demer sloni na pregledu prilo\u017enosti, objavljenih med 1. januarjem in 31. decembrom 2025 ter primerjavi s sorodnimi podatki iz preteklih let.<\/strong> <strong>\u010ceprav publikacija, katere poseben poudarek je letos na dr\u017eava, ki na EU mejijo, ne zajemajo celotnega dogajanja na podro\u010dju mobilnosti, \u0161e naprej predstavlja enega najbolj celovitih pregledov<\/strong>.<\/p>\n\n\n\n<p class=\"has-text-align-center\"><strong><a href=\"https:\/\/on-the-move.org\/sites\/default\/files\/2026-04\/OTM_Yearbook_2026.pdf\">PRENESI CULTURAL MOBILITY YEARBOOK 2026<\/a><\/strong><\/p>\n\n\n\n<p>Leto\u0161nji forum organizacije, na kateri On the Move z udele\u017eenci vnovi\u010d raziskuje trende mednarodne umetni\u0161ke kulturne mobilnosti ter se osredoto\u010da na sistemske in strukturne neenakosti, poteka v sodelovanju s Kooperativo, regionalno platformo za kulturo, katere ustanovna \u010dlanica in del upravnega odbora je Asociacija. <\/p>\n\n\n\n<!--more-->\n\n\n\n<p><strong>Na forumu v ospredju pravi\u010dnost kulturne mobilnosti<\/strong><\/p>\n\n\n\n<p>Osrednja tema razprave na Forumu On the Move 2026, ki se odvija med 209 je letos pravi\u010dnost kulturne mobilnosti. Udele\u017eenci se bodo tako soo\u010dali z vpra\u0161anji neenakomerne porazdelitve prilo\u017enosti za mobilnost v kulturo in reprodukcije opredeljenih sistemskih neenakosti; dostop do mednarodnega kulturnega prostora namre\u010d izpri\u010dano ni enak za vse. Vizumske omejitve, ekonomske razlike ter dolgotrajne strukture mo\u010di, vklju\u010dno s kolonialnimi in patriarhalnimi sistemi, pomembno vplivajo na to, kdo se lahko giblje, ustvarja in sodeluje na globalni ravni. Opredeljene ovire prav posebej prizadenejo umetnike in kulturne delavce iz marginaliziranih okolij, ki so pogosto soo\u010deni z negotovimi delovnimi pogoji, dru\u017einskimi obveznostmi ali drugimi omejitvami.<\/p>\n\n\n\n<p>Razprave bodo tako usmerjene v iskanje bolj pravi\u010dnih modelov dostopa do virov, kot so vizumi, financiranje, informacije in digitalne profesionalne prilo\u017enosti, ter prizadevanja v smeri krepitev glasov tistih, ki so v obstoje\u010dem sistemu najpogosteje izklju\u010deni. Poudarek bo tudi na alternativnih pristopih k kuriranju, kulturni izmenjavi in institucionalnim praksam, ki pogosto delujejo kot mehanizmi izklju\u010devanja. Cilj foruma je tako prispevati k ponovnemu razmisleku o globalni kulturni mobilnosti kot o pravici, ne privilegiju, ter spodbuditi bolj uravnote\u017eene in vklju\u010dujo\u010de oblike mednarodnega sodelovanja v kulturi.<\/p>\n","protected":false},"excerpt":{"rendered":"<p>Pred Forumom kulturne mobilnosti 2026, ki se v severnomakedonskem Skopju za\u010del danes, je organizacija On the Move izdala \u017ee peto izdajo Cultural Mobility Yearbook 2026. Publikacija pri tem ponuja vpogled v razpise, prilo\u017enosti za rezidence, sre\u010danja \u0161tipendije, izobra\u017eevalne programe ter druge oblike prilo\u017enosti za pla\u010dano mobilnost umetnikov in kulturnih delavcev, pri \u010demer sloni na pregledu &hellip; <a href=\"https:\/\/www.asociacija.si\/si\/2026\/04\/28\/kulturna-mobilnost-2026-objavljen-vodic-po-mednarodnih-priloznostih-v-kontekstu-strukturnih-neenakosti\/\" class=\"more-link\">Preberi ve\u010d o <span class=\"screen-reader-text\">Kulturna mobilnost 2026: objavljen vodi\u010d po mednarodnih prilo\u017enostih v kontekstu strukturnih neenakosti<\/span><\/a><\/p>\n","protected":false},"author":5,"featured_media":0,"comment_status":"closed","ping_status":"closed","sticky":false,"template":"","format":"standard","meta":{"footnotes":""},"categories":[27,6,37,16,26,1,22,3,38,11,23,10,13],"tags":[],"class_list":["post-11480","post","type-post","status-publish","format-standard","hentry","category-asociacija","category-dogodki","category-kulturosfera","category-mednarodno","category-ministrstvo-za-kulturo","category-nekategorizirano","category-nevladne-organizacije","category-novice","category-obveznosti","category-raziskave","category-samostojni-ustvarjalci","category-usposabljanja","category-zagovornistvo"],"_links":{"self":[{"href":"https:\/\/www.asociacija.si\/si\/wp-json\/wp\/v2\/posts\/11480","targetHints":{"allow":["GET"]}}],"collection":[{"href":"https:\/\/www.asociacija.si\/si\/wp-json\/wp\/v2\/posts"}],"about":[{"href":"https:\/\/www.asociacija.si\/si\/wp-json\/wp\/v2\/types\/post"}],"author":[{"embeddable":true,"href":"https:\/\/www.asociacija.si\/si\/wp-json\/wp\/v2\/users\/5"}],"replies":[{"embeddable":true,"href":"https:\/\/www.asociacija.si\/si\/wp-json\/wp\/v2\/comments?post=11480"}],"version-history":[{"count":1,"href":"https:\/\/www.asociacija.si\/si\/wp-json\/wp\/v2\/posts\/11480\/revisions"}],"predecessor-version":[{"id":11485,"href":"https:\/\/www.asociacija.si\/si\/wp-json\/wp\/v2\/posts\/11480\/revisions\/11485"}],"wp:attachment":[{"href":"https:\/\/www.asociacija.si\/si\/wp-json\/wp\/v2\/media?parent=11480"}],"wp:term":[{"taxonomy":"category","embeddable":true,"href":"https:\/\/www.asociacija.si\/si\/wp-json\/wp\/v2\/categories?post=11480"},{"taxonomy":"post_tag","embeddable":true,"href":"https:\/\/www.asociacija.si\/si\/wp-json\/wp\/v2\/tags?post=11480"}],"curies":[{"name":"wp","href":"https:\/\/api.w.org\/{rel}","templated":true}]}}