{"id":11303,"date":"2026-04-23T12:42:04","date_gmt":"2026-04-23T12:42:04","guid":{"rendered":"https:\/\/www.asociacija.si\/si\/?p=11303"},"modified":"2026-04-23T18:00:28","modified_gmt":"2026-04-23T18:00:28","slug":"servis-kako-oddati-vlogo-za-karierno-dinamiko","status":"publish","type":"post","link":"https:\/\/www.asociacija.si\/si\/2026\/04\/23\/servis-kako-oddati-vlogo-za-karierno-dinamiko\/","title":{"rendered":"SERVIS: Kako oddati vlogo za karierno dinamiko"},"content":{"rendered":"\n<figure class=\"wp-block-image size-large\"><img loading=\"lazy\" decoding=\"async\" width=\"1024\" height=\"711\" src=\"https:\/\/www.asociacija.si\/si\/wp-content\/uploads\/2021\/04\/4_komunikac_1080x750-1024x711.png\" alt=\"\" class=\"wp-image-6271\" srcset=\"https:\/\/www.asociacija.si\/si\/wp-content\/uploads\/2021\/04\/4_komunikac_1080x750-1024x711.png 1024w, https:\/\/www.asociacija.si\/si\/wp-content\/uploads\/2021\/04\/4_komunikac_1080x750-300x208.png 300w, https:\/\/www.asociacija.si\/si\/wp-content\/uploads\/2021\/04\/4_komunikac_1080x750-768x533.png 768w, https:\/\/www.asociacija.si\/si\/wp-content\/uploads\/2021\/04\/4_komunikac_1080x750.png 1080w\" sizes=\"auto, (max-width: 1024px) 100vw, 1024px\" \/><\/figure>\n\n\n\n<p>V spodnjem prispevku vam po korakih pojasnjujemo, kako oddati vlogo za karierno dinamiko v skladu z 82. \u010dlenom <a href=\"https:\/\/pisrs.si\/pregledPredpisa?id=ZAKO3370\">Zakona o uresni\u010devanju javnega interesa za kulturo<\/a>.<\/p>\n\n\n\n<p>Vsem, ki imate status samostojnega delavca v kulturi, mo\u010dno svetujemo, da si vzamete \u010das in vlogo izpolnite ter po\u0161ljete. Samo tako si lahko zagotovite, da vas Ministrstvo za kulturo umesti v vi\u0161ji razred karierne dinamike in vam s tem krije vi\u0161je prispevke. Z vi\u0161jimi prispevki si lahko neko\u010d obetate vi\u0161jo pokojnino. \u010ce vloge ne boste oddali do 22. 10. 2026, vas bo po tem datumu ministrstvo avtomati\u010dno umestilo v najni\u017eji razred karierne dinamike in vam pla\u010devalo prispevke od minimalne osnove. Ve\u010d o novem sistemu lahko preberete v <a href=\"https:\/\/www.asociacija.si\/si\/2025\/11\/18\/servis-karierna-dinamika-in-obveznosti-samostojnih-delavk-in-delavcev-v-kulturi\/\">servisnem \u010dlanku na temo karierne dinamike.<\/a> Ne glede na to, \u010de imate status manj kot pet let, ste v kulturi delali zgolj kot samostojni delavec v kulturi oz. nekdaj samozaposleni v kulturi, ali \u010de ste v preteklosti v kulturi pred vpisom v razvid samostojnih delavcev v kulturi delali na drugih osnovah, <strong>vlogo izpolnite.&nbsp;<\/strong><\/p>\n\n\n\n<!--more-->\n\n\n\n<p>Da <strong>vlogo izpolnite in oddate \u010dimprej<\/strong>, je pomembno iz ve\u010d razlogov: prej, ko se v karierno dinamiko vpi\u0161ete, prej boste za\u010deli prejemati prispevke od vi\u0161je osnove, ki vam glede na dobo delovanja v kulturi po spremembi zakona pripadajo, kar lahko vpliva mdr. tudi na vi\u0161ino odmerjenega nadomestila za star\u0161evski dopust. Prav tako si boste s \u010dimprej\u0161njim vpisom zagotovili, da vam pravica pripada tudi, \u010de se zaradi <span style=\"text-decoration: underline;\">spremembe zakonodaje ta novost spremeni ali odpravi<\/span>.<\/p>\n\n\n\n<p>Preden se lotite izpolnjevanja vloge, morate vedeti, da boste delovne izku\u0161nje uveljavljali bodisi na podlagi zaposlitve ali samozaposlitve bodisi na podlagi dela preko pogodb civilnega prava. Pri tem boste potrebovali potrebna dokazila: pogodbe o zaposlitvi, izpisek Zavoda za pokojninsko in invalidsko zavarovanje o pokojninski dobi, odlo\u010dbo o vpisu v razvid samostojnih delavcev v kulturi, ban\u010dne izpiske, podatke FURS ali podatke \u0161tudentskega servisa. V nadaljevanju po korakih opisujemo, kako izpolnite vlogo. <\/p>\n\n\n\n<p><\/p>\n\n\n<div id=\"accordions-11454\" class=\"accordions-11454 accordions\" data-accordions={&quot;lazyLoad&quot;:true,&quot;id&quot;:&quot;11454&quot;,&quot;event&quot;:&quot;click&quot;,&quot;collapsible&quot;:&quot;true&quot;,&quot;heightStyle&quot;:&quot;content&quot;,&quot;animateStyle&quot;:&quot;swing&quot;,&quot;animateDelay&quot;:1000,&quot;navigation&quot;:true,&quot;active&quot;:999,&quot;expandedOther&quot;:&quot;no&quot;,&quot;URLHash&quot;:&quot;no&quot;,&quot;headerToggle&quot;:&quot;no&quot;,&quot;scrollTop&quot;:&quot;no&quot;,&quot;scrollTopOffset&quot;:100,&quot;stats&quot;:&quot;no&quot;}>\r\n                <div id=\"accordions-lazy-11454\" class=\"accordions-lazy\" accordionsId=\"11454\">\r\n                    <\/div>\r\n\r\n    <div class=\"items\"  style=\"display:none\" >\r\n    \r\n            <div post_id=\"11454\" itemcount=\"0\"  header_id=\"header-1776936117791\" id=\"header-1776936117791\" style=\"\" class=\"accordions-head head1776936117791 border-none\" toggle-text=\"\" main-text=\"1. KDAJ MORAM ODDATI VLOGO ZA KARIERNO DINAMIKO IN KJE JO NAJDEM?\">\r\n                                    <span id=\"accordion-icons-1776936117791\" class=\"accordion-icons\">\r\n                        <span class=\"accordion-icon-active accordion-plus\"><i class=\"fas fa-chevron-up\"><\/i><\/span>\r\n                        <span class=\"accordion-icon-inactive accordion-minus\"><i class=\"fas fa-chevron-right\"><\/i><\/span>\r\n                    <\/span>\r\n                    <span id=\"header-text-1776936117791\" class=\"accordions-head-title\">1. KDAJ MORAM ODDATI VLOGO ZA KARIERNO DINAMIKO IN KJE JO NAJDEM?<\/span>\r\n                            <\/div>\r\n            <div class=\"accordion-content content1776936117791 \">\r\n                <p><!-- wp:paragraph --><\/p>\n<p>Po 82. \u010dlenu ZUJIK bosta bodo\u010di samostojni delavec in delavka v kulturi vlogo za karierno dinamiko morala oddati ob oddaji vloge za vpis v razvid samostojnih delavcev v kulturi. Vlogo boste tako dol\u017eni oddati vsi, ki se bodisi prvi\u010d bodisi vnovi\u010d vpisujete v razvid.<\/p>\n<p>Kot smo pojasnili v uvodu v servisni \u010dlanek, pa je priporo\u010dljivo, da vlogo za karierno dinamiko do najkasneje oktobra oddate <span style=\"text-decoration: underline;\">vsi<\/span>, ki ste trenutno <span style=\"text-decoration: underline;\">\u017ee vpisani v razvid samostojnih delavcev v kulturi<\/span>. V nasprotnem primeru bo v skladu s prehodnimi dolo\u010dbami prenovljenega ZUJIK ministrstvo \u0161telo, da imate manj kot pet let delovnih izku\u0161enj na podro\u010dju kulture, \u010detudi ste v razvid vpisani dalj \u010dasa. \u010ce torej vloge ne boste oddali, vas bo organ z 22. oktobrom 2026 avtomati\u010dno uvrstil v najni\u017eji razred karierne dinamike. To pomeni, da bo Republika Slovenija va\u0161e prispevke \u0161e naprej pla\u010devala od najni\u017eje osnove, v dru\u0161tvu pa predvidevamo bo to veljalo \u0161e za naslednih pet let v celoti, saj se vam bo predvidoma od dneva uvrstitve v karierno dinamiko tudi za\u010dela \u0161teti doba delovanja.<\/p>\n<p><span style=\"text-decoration: underline;\">Pomembno<\/span>: odgovornost ter s tem administrativno breme za uvrstitev v karierno dinamiko je torej v celoti na samostojnih delavcih v kulturi.<\/p>\n<p>Vlogo za vpis v karierno dinaiko lahko prenesete s klikom na spodnjo povezavo:<br \/>\n<a href=\"https:\/\/www.gov.si\/assets\/ministrstva\/MK\/Statusi-in-socialne-pravice\/Samozaposleni-v-kulturi\/Novela-ZUJIK\/VLOGA-karierna-dinamika.docx\">https:\/\/www.gov.si\/assets\/ministrstva\/MK\/Statusi-in-socialne-pravice\/Samozaposleni-v-kulturi\/Novela-ZUJIK\/VLOGA-karierna-dinamika.docx<\/a><\/p>\n<p>Vlogo je Ministrstvo za kulturo sicer objavilo na svojih spletnih straneh, a zaenkrat ne na vidnem mestu, zato priporo\u010damo, da jo, \u010de jo boste iskali samostojno, poi\u0161\u010dete s pomo\u010djo spletnega iskalnika.<\/p>\n<p>V spodnih to\u010dkah podajamo pojasnila, kako je po mnenju Asociacije smiselno pristopiti k izpolnitvi vloge. Ko jo enkrat izpolnite, jo skupaj z ustreznimi pojasnili po\u0161ljite na <a href=\"mailto:gp.mk@gov.si\">gp.mk@gov.si<\/a>.<\/p>\n<p><!-- \/wp:paragraph --><\/p>\n            <\/div>\r\n    \r\n            <div post_id=\"11454\" itemcount=\"1\"  header_id=\"header-1776936261636\" id=\"header-1776936261636\" style=\"\" class=\"accordions-head head1776936261636 border-none\" toggle-text=\"\" main-text=\"2. UVELJAVLJANJE DOBE DELOVANJA NA PODLAGI ZAPOSLITVE ALI SAMOZAPOSLITVE V KULTURI\">\r\n                                    <span id=\"accordion-icons-1776936261636\" class=\"accordion-icons\">\r\n                        <span class=\"accordion-icon-active accordion-plus\"><i class=\"fas fa-chevron-up\"><\/i><\/span>\r\n                        <span class=\"accordion-icon-inactive accordion-minus\"><i class=\"fas fa-chevron-right\"><\/i><\/span>\r\n                    <\/span>\r\n                    <span id=\"header-text-1776936261636\" class=\"accordions-head-title\">2. UVELJAVLJANJE DOBE DELOVANJA NA PODLAGI ZAPOSLITVE ALI SAMOZAPOSLITVE V KULTURI<\/span>\r\n                            <\/div>\r\n            <div class=\"accordion-content content1776936261636 \">\r\n                <p><!-- wp:paragraph --><\/p>\n<p>V primeru, da ste v kulturi v preteklosti delovali bodisi delovali kot samostojni podjetnik bodisi kot nekdaj samozaposleni, danes pa samostojni delavec v kulturi ali\/in pa kot redno zaposleni, je izkazovanje dobe delovanja relativno preprosto.<\/p>\n<p><!-- \/wp:paragraph --> <!-- wp:paragraph --><\/p>\n<p><div id=\"accordions-11455\" class=\"accordions-11455 accordions\" data-accordions={&quot;lazyLoad&quot;:true,&quot;id&quot;:&quot;11455&quot;,&quot;event&quot;:&quot;click&quot;,&quot;collapsible&quot;:&quot;true&quot;,&quot;heightStyle&quot;:&quot;content&quot;,&quot;animateStyle&quot;:&quot;swing&quot;,&quot;animateDelay&quot;:1000,&quot;navigation&quot;:true,&quot;active&quot;:999,&quot;expandedOther&quot;:&quot;no&quot;,&quot;URLHash&quot;:&quot;no&quot;,&quot;headerToggle&quot;:&quot;no&quot;,&quot;scrollTop&quot;:&quot;no&quot;,&quot;scrollTopOffset&quot;:100,&quot;stats&quot;:&quot;no&quot;}>\r\n                <div id=\"accordions-lazy-11455\" class=\"accordions-lazy\" accordionsId=\"11455\">\r\n                    <\/div>\r\n\r\n    <div class=\"items\"  style=\"display:none\" >\r\n    \r\n            <div post_id=\"11455\" itemcount=\"0\"  header_id=\"header-1776937807656\" id=\"header-1776937807656\" style=\"\" class=\"accordions-head head1776937807656 border-none\" toggle-text=\"\" main-text=\"A. UVELJAVLJANJE DOBE DELOVANJA KOT SAMOZAPOSLENI OZ. SAMOSTOJNI DELAVEC V KULTURI\">\r\n                                    <span id=\"accordion-icons-1776937807656\" class=\"accordion-icons\">\r\n                        <span class=\"accordion-icon-active accordion-plus\"><i class=\"fas fa-chevron-up\"><\/i><\/span>\r\n                        <span class=\"accordion-icon-inactive accordion-minus\"><i class=\"fas fa-chevron-right\"><\/i><\/span>\r\n                    <\/span>\r\n                    <span id=\"header-text-1776937807656\" class=\"accordions-head-title\">A. UVELJAVLJANJE DOBE DELOVANJA KOT SAMOZAPOSLENI OZ. SAMOSTOJNI DELAVEC V KULTURI<\/span>\r\n                            <\/div>\r\n            <div class=\"accordion-content content1776937807656 \">\r\n                <p>Samostojni delavci oz. nekdaj samozaposleni v kulturi, ki \u017eelite skozi vlogo uveljaviti celotno dobo delovanja v kulturi iz tega naslova, na ustrezno mesto v vlogi preprosto vpi\u0161ete, da<\/p>\n<p>1) ste bili samozaposleni v kulturi,<br \/>\n2) opredelite poklic(e) v kulturi, s katerim(i) ste bili vpisani v razvid ter<br \/>\n3) opredelite obdobje vklju\u010ditve v obvezna zavarovanja na tej osnovi.<\/p>\n<p>Menimo sicer, da - ker Ministrstvo za kulturo vodi razvid samostojnih delavcev v kulturi in te podatke ima - v administrativnem smiselu ni res potrebno, a vendar lahko dejstvo, da ste v tem obdobju vpisani v razvid, dokazujete z odlo\u010dbo o vpisu v razvid nekdaj samozaposlenih, danes pa samostojnih delavcev v kulturi.<\/p>\n<p>Pogoj vklju\u010ditve v obvezna zavarovanja kot samostojni delavec ali samozaposleni v kulturi pa izka\u017eete s posredovanjem izpiska ZPIZ. Na izpisku boste so\u010dasno na\u0161li podatek o trajanju vklju\u010ditve v obvezna socialna zavarovanja na osnovi samostojnega dela v kulturi, ki ga prepi\u0161ite v vlogo. Opozarjamo pri tem, da - \u010de ste v \u010dasu vpisa v razvid od\u0161li na porodni\u0161ko ali bolni\u0161ko - ste bili iz naslova samozaposlitve v kulturi \u0161e naprej vklju\u010deni v obvezna zavarovanja, tako da v obdobje delovanja v okviru statusa \u0161tejete tudi to obdobje.<\/p>\n<p>Kako izpisek ZPIZ pridobite, odgovarjamo nekoliko ni\u017eje.<\/p>\n            <\/div>\r\n    \r\n            <div post_id=\"11455\" itemcount=\"1\"  header_id=\"header-1776938300571\" id=\"header-1776938300571\" style=\"\" class=\"accordions-head head1776938300571 border-none\" toggle-text=\"\" main-text=\"B. UVELJAVLJANJE DOBE DELOVANJA KOT SAMOSTOJNI PODJETNIK Z DEJAVNOSTJO V KULTURI\">\r\n                                    <span id=\"accordion-icons-1776938300571\" class=\"accordion-icons\">\r\n                        <span class=\"accordion-icon-active accordion-plus\"><i class=\"fas fa-chevron-up\"><\/i><\/span>\r\n                        <span class=\"accordion-icon-inactive accordion-minus\"><i class=\"fas fa-chevron-right\"><\/i><\/span>\r\n                    <\/span>\r\n                    <span id=\"header-text-1776938300571\" class=\"accordions-head-title\">B. UVELJAVLJANJE DOBE DELOVANJA KOT SAMOSTOJNI PODJETNIK Z DEJAVNOSTJO V KULTURI<\/span>\r\n                            <\/div>\r\n            <div class=\"accordion-content content1776938300571 \">\r\n                <p>\u010ce ste v kulturi delovali kot samostojni podjetnik, morate v vlogo vpisati, da<\/p>\n<p>1) ste v kulturi delovali kot s.p.,<br \/>\n2) opredeliti standardno klasifikacijo\/e dejavnosti s.p., ki jo lahko pove\u017eemo z delom v kulturi ter<br \/>\n3) opredeliti obdobje vklju\u010ditve v obvezna zavarovanja na tej osnovi.<\/p>\n<p>Med z delom v kulturi povezljive klasifikacije dejavnosti samostojnega podjetnika \u0161tejemo mdr. 90.020 Spremljajo\u010de dejavnosti za umetni\u0161ko uprizarjanje, 58.13 Izdajanje revij in druge periodike ali 59.110 Produkcija filmov, videofilmov, televizijskih oddaj in \u0161tevilne druge. Standardno klasifikacijo dejavnosti najdete na naslednji povezavi: <a href=\"https:\/\/pisrs.si\/api\/datoteke\/integracije\/358771041\">https:\/\/pisrs.si\/api\/datoteke\/integracije\/358771041<\/a><\/p>\n<p><!-- \/wp:paragraph --> <!-- wp:paragraph --><\/p>\n<p>Za pojasnila smo se obrnili na AJPES, kjer so nam pojasnili, da boste samostojni podjetniki delovanje v kulturi najustrezneje izkazali s Sklepom o vpisu v Poslovni register Slovenije.<\/p>\n<p>\u010ce imate trenutno aktiven s.p. (in ste recimo v procesu oddaje vloge za vpis v razvid samostojnih delavcev v kulturi) prilo\u017eite izpisek iz poslovnega registra, v katerem bodo navedene <span style=\"text-decoration: underline;\">vse klasifikacije va\u0161ih dejavnosti. <\/span>Tak izpisek boste lahko pridobili tudi preko AJPES portala, \u010de pa bi \u017eeleli, da vam AJPES dokument o\u017eigosa, zanj zaprosite preko elektronske po\u0161te ali se zglasite osebno na AJPES.<\/p>\n<p>\u010ce va\u0161 s.p. ni ve\u010d aktiven, lahko zgodovinska potrdila oz. sklepe o vpisu v poslovni register z navedbo va\u0161ih dejavnostih pridobite z dopisom AJPES, oddanim preko fizi\u010dne po\u0161te, na naslov Cesta v Kle\u010de 12, 1000 Ljubljana ali pa tako, da se osebno zglasite na kateri od izpostav AJPES.<\/p>\n<p>Pogoj vklju\u010ditve v obvezna zavarovanja kot samostojni podjetnik izka\u017eete s posredovanjem izpiska ZPIZ. Na izpisku boste so\u010dasno na\u0161li podatek o trajanju vklju\u010ditve v obvezna socialna zavarovanja na osnovi samostojnega podjetni\u0161tva, ki ga prepi\u0161ite v vlogo. Pri tem opozarjamo, da - \u010de ste v \u010dasu vpisa v poslovni register z ustrezno dejavnostjo od\u0161li na porodni\u0161ko ali bolni\u0161ko - ste bili iz naslova zakonsko relevantne samozaposlitve \u0161e naprej vklju\u010deni v obvezna zavarovanja, tako da v obdobje delovanja v okviru kulture kot s.p. \u0161tejete tudi to obdobje.<\/p>\n<p>Kako izpisek ZPIZ pridobite, odgovarjamo nekoliko ni\u017eje.<\/p>\n            <\/div>\r\n    \r\n            <div post_id=\"11455\" itemcount=\"2\"  header_id=\"header-1776939159527\" id=\"header-1776939159527\" style=\"\" class=\"accordions-head head1776939159527 border-none\" toggle-text=\"\" main-text=\"C. UVELJAVLJANJE DOBE DELOVANJA KOT ZAPOSLENI V KULTURI\">\r\n                                    <span id=\"accordion-icons-1776939159527\" class=\"accordion-icons\">\r\n                        <span class=\"accordion-icon-active accordion-plus\"><i class=\"fas fa-chevron-up\"><\/i><\/span>\r\n                        <span class=\"accordion-icon-inactive accordion-minus\"><i class=\"fas fa-chevron-right\"><\/i><\/span>\r\n                    <\/span>\r\n                    <span id=\"header-text-1776939159527\" class=\"accordions-head-title\">C. UVELJAVLJANJE DOBE DELOVANJA KOT ZAPOSLENI V KULTURI<\/span>\r\n                            <\/div>\r\n            <div class=\"accordion-content content1776939159527 \">\r\n                <p>\u010ce ste v kulturi delovali na podlagi pogodbe o zaposlitvi za dolo\u010den ali neodlo\u010den \u010das (tudi preko javnih del), morate v\u00a0vlogo vpisati, da<\/p>\n<p>1) ste v kulturi delovali kot zaposleni,<br \/>\n2) navesti delodajalca in kratek opis dela ter<br \/>\n3) opredeliti obdobje vklju\u010ditve v obvezna zavarovanja na tej osnovi.<\/p>\n<p>Vlogi v dokazilo prilo\u017eite pogodbo o zaposlitvi, iz katere mora biti v splo\u0161nem razvidno, da je \u0161lo za delo na podro\u010dju kulture.<\/p>\n<p>Prav tako morate izkazati pogoj vklju\u010ditve v obvezna socialna zavarovanja, kar boste najla\u017eje storili z izpiskom ZPIZ. Na izpisku boste na\u0161li podatek o trajanju vklju\u010ditve v obvezna socialna zavarovanja na osnovi zaposlitve, ki ga prepi\u0161ite v vlogo. Pri tem opozarjamo, da - \u010de ste v \u010dasu zaposlitve v kulturi od\u0161li na porodni\u0161ko ali bolni\u0161ko - ste bili iz naslova zakonsko relevantne zaposlitve \u0161e naprej vklju\u010deni v obvezna zavarovanja, tako da v obdobje delovanja v okviru kulture \u0161tejete tudi to obdobje.<\/p>\n<p>Kako izpisek ZPIZ pridobite, odgovarjamo nekoliko ni\u017eje.<\/p>\n            <\/div>\r\n    \r\n            <div post_id=\"11455\" itemcount=\"3\"  header_id=\"header-1776939161851\" id=\"header-1776939161851\" style=\"\" class=\"accordions-head head1776939161851 border-none\" toggle-text=\"\" main-text=\"D. POTRDILO ZAVODA ZA POKOJNINSKO IN INVALIDSKO ZAVAROVANJE O OBDOBJIH ZAVAROVANJA\">\r\n                                    <span id=\"accordion-icons-1776939161851\" class=\"accordion-icons\">\r\n                        <span class=\"accordion-icon-active accordion-plus\"><i class=\"fas fa-chevron-up\"><\/i><\/span>\r\n                        <span class=\"accordion-icon-inactive accordion-minus\"><i class=\"fas fa-chevron-right\"><\/i><\/span>\r\n                    <\/span>\r\n                    <span id=\"header-text-1776939161851\" class=\"accordions-head-title\">D. POTRDILO ZAVODA ZA POKOJNINSKO IN INVALIDSKO ZAVAROVANJE O OBDOBJIH ZAVAROVANJA<\/span>\r\n                            <\/div>\r\n            <div class=\"accordion-content content1776939161851 \">\r\n                <p><!-- wp:paragraph --><\/p>\n<p>Podatek o vklju\u010denosti v obvezna socialna zavarovanja boste v primeru zaposlitve in samozaposlitve najla\u017eje izkazali s potrdilom Zavoda za pokojninsko in invalidsko zavarovanje Slovenije.<\/p>\n<p><!-- \/wp:paragraph --> <!-- wp:paragraph --><\/p>\n<p>Informacijo o obdobju zavarovanja pridobite tako, da ZPIZ zaprosite za vpogled v svoje podatke o zavarovanju oz. podatek o pla\u010dah in nadomestilih, ki je del informacije o va\u0161i pri\u010dakovani pokojnini. Do informacije lahko pridete tako, da bodisi osebno obi\u0161\u010dete eno od <a href=\"https:\/\/www.zpiz.si\/cms\/content2019\/obmone-enote\">obmo\u010dnih enot ZPIZ<\/a> ali pa se logirate v <a href=\"https:\/\/www.zpiz.si\/content2019\/vstop-ezpiz\">Moj eZPIZ<\/a>, za kar boste potrebovali digitalno potrdilo.<\/p>\n<p><!-- \/wp:paragraph --><\/p>\n            <\/div>\r\n    <\/div>\r\n\r\n\r\n\r\n\r\n            <\/div><\/p>\n<p><!-- \/wp:paragraph --><\/p>\n            <\/div>\r\n    \r\n            <div post_id=\"11454\" itemcount=\"2\"  header_id=\"header-1776940514065\" id=\"header-1776940514065\" style=\"\" class=\"accordions-head head1776940514065 border-none\" toggle-text=\"\" main-text=\"3. UVELJAVLJANJE DOBE DELOVANJA NA PODLAGI POGODB CIVILNEGA PRAVA\">\r\n                                    <span id=\"accordion-icons-1776940514065\" class=\"accordion-icons\">\r\n                        <span class=\"accordion-icon-active accordion-plus\"><i class=\"fas fa-chevron-up\"><\/i><\/span>\r\n                        <span class=\"accordion-icon-inactive accordion-minus\"><i class=\"fas fa-chevron-right\"><\/i><\/span>\r\n                    <\/span>\r\n                    <span id=\"header-text-1776940514065\" class=\"accordions-head-title\">3. UVELJAVLJANJE DOBE DELOVANJA NA PODLAGI POGODB CIVILNEGA PRAVA<\/span>\r\n                            <\/div>\r\n            <div class=\"accordion-content content1776940514065 \">\r\n                <p>Samostojni delavec v kulturi lahko v vlogi za karierno dinamiko uveljavlja tudi izku\u0161nje delovanja na podro\u010dju kulture, ki jih je pridobil v okviru opravljanja del na podlagi pogodb civilnega prava na podro\u010dju kulture. \u010ce uveljavlja izku\u0161nje iz tega naslova, jih skladno z zakonom lahko uveljavlja, \u010de v \u010dasu tovrstnega dela ni bil zaposlen ali samozaposlen. V Asociaciji smo po pogovoru s poobla\u0161\u010denimi osebami Zavoda za pokojninsko in invalidsko zavarovanje Slovenije mnenja, da je opredeljeno izklju\u010devalno dolo\u010dilo pravi\u010dno upo\u0161tevati predvsem, <span style=\"text-decoration: underline;\">\u010de samostojni delavec v kulturi v \u010dasu opravljanja tovrstnega dela ni bil zaposlen ali samozaposlen za polni delovni \u010das<\/span> (kar natan\u010dneje pojasnjujemo pod to\u010dko 4. - Uveljavljanje dobe delovanja na osnovi komibiniranih podlag).<\/p>\n<p>Delo na podlagi pogodb civilnega prava se po zakonu pri razvrstitvi v karierno dinamiko upo\u0161teva, \u010de je primerljivo s katerim od poklicev, ki so opredeljeni v prilogi Uredbe o samostojnih delavcih v kulturi. V Asociaciji smo na podlagi poizvedbe pri razli\u010dnih relevantnih virih prepri\u010dani, da slovenska ureditev med civilnopravna pogodbena razmerja uvr\u0161\u010da mdr. avtorske pogodbe, podjemne pogodbe in, pozor, <span style=\"text-decoration: underline;\">tudi \u0161tudentsko delo<\/span>, ki ga dr\u017eava pri zaposlovanju v javnem sektorju \u017ee dlje \u010dasa \u0161teje za delovne izku\u0161nje, \u010demur je pritrdilo tudi sodi\u0161\u010de. \u010cetudi predlog Uredbe o samostojnih delavcih v kulturi, ki \u0161e ni bil sprejet, o\u017ea v zakonu opredeljene pogodbe na avtorske in podjemne, smo v Asociaciji mnenja, da se mora Ministrstvo za kulturo pri uvrstitvi v karierno dinamiko upo\u0161tevati tudi \u0161tudentsko delo v kulturi. Vsem samostojnim delavcem v kulturi tako svetujemo, da ga v vlogi navedete, pri \u010demer opozarjamo, da zna biti, da si bomo morali njegovo upo\u0161tevanje \u0161e izboriti.<\/p>\n<p>Ustrezni dokazili za uveljavljanje dobe delovanja preko pogodb civilnega prava sicer sta:<\/p>\n<p>- pogodba (avtorska, podjemna ali napotnica), iz katere je razvidno, da je \u0161lo za delo v kulturi,<br \/>\n- dokazilo o pla\u010dilu dela, kar lahko doka\u017eete z relevantnimi podatki finan\u010dnega urada o ugotovljenih prihodkih ali potrdilo banke o prejetem nakazilu.<\/p>\n<p><span style=\"text-decoration: underline;\">Natan\u010dneje o opredeljenih dokazilih lahko preberete spodaj.<\/span><\/p>\n<p>\u010ce ste v kulturi delovali na podlagi pogodb civilnega prava, morate sicer v vlogo vpisati, da<\/p>\n<p>1) ste v kulturi delovali pogodbeno,<br \/>\n2) navesti delodajalca in kratek opis dela ter<br \/>\n3) opredeliti obdobje vklju\u010ditve v obvezna zavarovanja na tej osnovi.<\/p>\n<p><span style=\"text-decoration: underline;\">Pozor<\/span>, izra\u010dun dobe delovanja na osnovi pogodbenega dela je v kulturi specifi\u010den, mora upo\u0161teva zgodovinsko ureditev in je <span style=\"text-decoration: underline;\">bolj ugoden<\/span>, kot ga izra\u010duna ZPIZ. <span style=\"text-decoration: underline;\">Zato<\/span> vam v dru\u0161tvu, \u010de razpolagate s podatki <span style=\"text-decoration: underline;\">o bruto nakazilih<\/span> na osnovi pogodbenega dela od leta 2014 ali 2015 dalje, ko se od pogodbenega ter \u0161tudentskega dela pla\u010dujejo prispevki za socialno zavarovanje ter posledi\u010dno omenjeno delo odrazi na izpisku ZPIZ, <span style=\"text-decoration: underline;\">odsvetujemo, da v vlogo iz izpiska ZPIZ prepi\u0161ete obdobje delovanja,<\/span> kot ga najdete tam, \u010detudi bo morebiti za koga to bolj preprosto.<\/p>\n<p><span style=\"text-decoration: underline;\">V namen zakonsko opredeljenega izra\u010duna smo namre\u010d v dru\u0161tvu pripravili kalkulator dobe delovanja na osnovi pogodb civilnega prava, ki ga najdete spodaj<\/span>.<\/p>\n<p><div id=\"accordions-11458\" class=\"accordions-11458 accordions\" data-accordions={&quot;lazyLoad&quot;:true,&quot;id&quot;:&quot;11458&quot;,&quot;event&quot;:&quot;click&quot;,&quot;collapsible&quot;:&quot;true&quot;,&quot;heightStyle&quot;:&quot;content&quot;,&quot;animateStyle&quot;:&quot;swing&quot;,&quot;animateDelay&quot;:1000,&quot;navigation&quot;:true,&quot;active&quot;:999,&quot;expandedOther&quot;:&quot;no&quot;,&quot;URLHash&quot;:&quot;no&quot;,&quot;headerToggle&quot;:&quot;no&quot;,&quot;scrollTop&quot;:&quot;no&quot;,&quot;scrollTopOffset&quot;:100,&quot;stats&quot;:&quot;no&quot;}>\r\n                <div id=\"accordions-lazy-11458\" class=\"accordions-lazy\" accordionsId=\"11458\">\r\n                    <\/div>\r\n\r\n    <div class=\"items\"  style=\"display:none\" >\r\n    \r\n            <div post_id=\"11458\" itemcount=\"0\"  header_id=\"header-1776942729388\" id=\"header-1776942729388\" style=\"\" class=\"accordions-head head1776942729388 border-none\" toggle-text=\"\" main-text=\"A. POGODBENA DOKAZILA\">\r\n                                    <span id=\"accordion-icons-1776942729388\" class=\"accordion-icons\">\r\n                        <span class=\"accordion-icon-active accordion-plus\"><i class=\"fas fa-chevron-up\"><\/i><\/span>\r\n                        <span class=\"accordion-icon-inactive accordion-minus\"><i class=\"fas fa-chevron-right\"><\/i><\/span>\r\n                    <\/span>\r\n                    <span id=\"header-text-1776942729388\" class=\"accordions-head-title\">A. POGODBENA DOKAZILA<\/span>\r\n                            <\/div>\r\n            <div class=\"accordion-content content1776942729388 \">\r\n                <p><!-- wp:accordion-heading --><\/p>\n<div class=\"wp-block-accordion-panel\" role=\"region\">\n<p><div id=\"accordions-11465\" class=\"accordions-11465 accordions\" data-accordions={&quot;lazyLoad&quot;:true,&quot;id&quot;:&quot;11465&quot;,&quot;event&quot;:&quot;click&quot;,&quot;collapsible&quot;:&quot;true&quot;,&quot;heightStyle&quot;:&quot;content&quot;,&quot;animateStyle&quot;:&quot;swing&quot;,&quot;animateDelay&quot;:1000,&quot;navigation&quot;:true,&quot;active&quot;:999,&quot;expandedOther&quot;:&quot;no&quot;,&quot;URLHash&quot;:&quot;no&quot;,&quot;headerToggle&quot;:&quot;no&quot;,&quot;scrollTop&quot;:&quot;no&quot;,&quot;scrollTopOffset&quot;:100,&quot;stats&quot;:&quot;no&quot;}>\r\n                <div id=\"accordions-lazy-11465\" class=\"accordions-lazy\" accordionsId=\"11465\">\r\n                    <\/div>\r\n\r\n    <div class=\"items\"  style=\"display:none\" >\r\n    \r\n            <div post_id=\"11465\" itemcount=\"0\"  header_id=\"header-1776947646945\" id=\"header-1776947646945\" style=\"\" class=\"accordions-head head1776947646945 border-none\" toggle-text=\"\" main-text=\"AVTORSKA, PODJEMNA IN DRUGE POGODBE CIVILNEGA PRAVA\">\r\n                                    <span id=\"accordion-icons-1776947646945\" class=\"accordion-icons\">\r\n                        <span class=\"accordion-icon-active accordion-plus\"><i class=\"fas fa-chevron-up\"><\/i><\/span>\r\n                        <span class=\"accordion-icon-inactive accordion-minus\"><i class=\"fas fa-chevron-right\"><\/i><\/span>\r\n                    <\/span>\r\n                    <span id=\"header-text-1776947646945\" class=\"accordions-head-title\">AVTORSKA, PODJEMNA IN DRUGE POGODBE CIVILNEGA PRAVA<\/span>\r\n                            <\/div>\r\n            <div class=\"accordion-content content1776947646945 \">\r\n                <p>Organu morate v primeru uveljavljanja dobe delovanja preko avtorske ali podjemne pogodbe za delo v kulturi predlo\u017eiti kopijo pogodbe. \u010ce pogodbe ne posedujete ve\u010d, jo poskusite pridobiti pri naro\u010dniku dela. \u010ce pogodbe ne predlo\u017eite, obdobja delovanja po tej pogodbi ne boste mogli uveljavljati.<\/p>\n            <\/div>\r\n    \r\n            <div post_id=\"11465\" itemcount=\"1\"  header_id=\"header-1776947649258\" id=\"header-1776947649258\" style=\"\" class=\"accordions-head head1776947649258 border-none\" toggle-text=\"\" main-text=\"\u0160TUDENTSKO DELO\">\r\n                                    <span id=\"accordion-icons-1776947649258\" class=\"accordion-icons\">\r\n                        <span class=\"accordion-icon-active accordion-plus\"><i class=\"fas fa-chevron-up\"><\/i><\/span>\r\n                        <span class=\"accordion-icon-inactive accordion-minus\"><i class=\"fas fa-chevron-right\"><\/i><\/span>\r\n                    <\/span>\r\n                    <span id=\"header-text-1776947649258\" class=\"accordions-head-title\">\u0160TUDENTSKO DELO<\/span>\r\n                            <\/div>\r\n            <div class=\"accordion-content content1776947649258 \">\r\n                <p>Kot smo Asociaciji odlo\u010devalcem pojasnili <a href=\"https:\/\/www.asociacija.si\/si\/2026\/01\/30\/vsako-delo-v-kulturi-steje-v-odzivu-na-predlog-uredbe-o-samostojnih-delavcih-ugotavljamo-da-ne\/\">v odzivu na Uredbo o samostojnih delavcih v kulturi<\/a>, ob\u010dasno in za\u010dasno delo \u0161tudentov predstavlja atipi\u010dno pogodbo civilnega prava, ki tudi iz naslova za\u0161\u010dite mladostnikov predvideva posredovanje \u0161tudentskega servisa in je dodatno regulirano. Ker pa \u0161tudentsko delo \u017ee dlje \u010dasa tudi v javnem sektorju \u0161teje za delovne izku\u0161nje, smo v dru\u0161tvu mnenja, da se mora skladno z ZUJIK upo\u0161tevati tudi pri razvr\u0161\u010danju v ustrezni karierni razred samostojnega delavca v kulturi. Pri tem je potrebno opozoriti, da si bomo morebiti morali tako priznanje v praksi \u0161e priboriti, zato je pomembno, da ga pri oddaji vloge, \u010de ste delo v kulturi opravljali na tej osnovi in bi \u017eeleli, da se ga upo\u0161teva, v njej opredelite.<\/p>\n<p>\u010ce ste delo v kulturi opravljali preko \u0161tudentskega servisa, boste potrebovali tudi te podatke. \u0160tudentska napotnica namre\u010d v praksi nadome\u0161\u010da pogodbo civilnega prava. \u010ce ste delo opravljali preko <strong>e-\u0160tudentskega servisa<\/strong>, podatke pridobite tako, da se preprosto logirate v svoj profil preko povezave: <a href=\"https:\/\/www.studentski-servis.com\/studenti\">https:\/\/www.studentski-servis.com\/studenti<\/a><\/p>\n<p><!-- \/wp:paragraph --> <!-- wp:paragraph -->Kliknite na zavihek \"Napotnice in zaslu\u017eki\" in nadalje \"Zaslu\u017eki\". V koledarju izberite obdobje za izpis in kliknite \"Prika\u017ei rezultate\". Izpisali se vam bodo podatki o napotnicah z datumi nakazil, delodajalci, opredelitvijo dela in vi\u0161inami izpla\u010danih honorarjev. Bodite pozorni, da kliknete na mo\u017enost \"Ve\u010d,\" da bi dobili bruto zneske izpla\u010dil; to so namre\u010d zneski, ki jih morate upo\u0161tevati za prera\u010dun dobe delovanja. Prav tako pazite, da boste v pregledu ozna\u010dili datum opravljene storitve in ne datum izpla\u010dila. Pri prera\u010dunu je namre\u010d pomembno, kdaj ste delo opravili, saj je od tega odvisen pravilen izra\u010dun dobe delovanja v kalkulatorju, saj upo\u0161teva spremembe zakonsko dolo\u010dene minimalne pla\u010de v posameznem letu. Ozna\u010dite opravljena dela in izberite mo\u017enost \"Natisni zaslu\u017eke\", saj boste tako dobili podpisano potrdilo \u0161tudentskega servisa. Ponujena vam bo tudi mo\u017enost \"Izvozi v excel\". Dokument prilo\u017eite vlogi.<\/p>\n<p>Opozorjamo, da \u010detudi bodo ti podatki vsebovali bruto zneske relevantnih nakazil preko \u0161tudentskega dela, ni dano, da bo Ministrstvo za kulturo izpiske \u0161telo tudi kot ustrezna finan\u010dna dokazila za delo preko pogodb civilnega prava oz. \u0161tudentskega dela, zato svetujemo, da izpisku iz servisa prilo\u017eite tudi ustrezna finan\u010dna dokazila.<\/p>\n<p>Na podlagi poizvedbe pri razli\u010dnih najve\u010djih \u0161tudentskih servisih, pojasnjujemo, da e-\u0161tudentski servis na ta na\u010din hrani podatke od 1. januarja 2007. Starej\u0161ih podatkov ne hranijo. \u010ce pa ste delo opravljali za drug \u0161tudentski servis, ki nima elektronskih evidenc, jim - kot so nam pisno pojasnili - na elektronski naslov po\u0161ljite pisno zaprosilo, v katerem prosite za seznam izpla\u010danih honorarjev, opredelitev dela, delovne izku\u0161nje oziroma \u0161tevilo opravljenih delovnih ur in naziv delodajalca. Pro\u0161nji prilo\u017eite \u0161e svoje podatke in svojo dav\u010dno \u0161tevilko.<\/p>\n            <\/div>\r\n    <\/div>\r\n\r\n\r\n\r\n\r\n            <\/div><\/p>\n<p><!-- \/wp:accordion --><\/p>\n<\/div>\n<p><!-- \/wp:accordion-panel --><\/p>\n            <\/div>\r\n    \r\n            <div post_id=\"11458\" itemcount=\"1\"  header_id=\"header-1776942731748\" id=\"header-1776942731748\" style=\"\" class=\"accordions-head head1776942731748 border-none\" toggle-text=\"\" main-text=\"B. FINAN\u010cNA DOKAZILA\">\r\n                                    <span id=\"accordion-icons-1776942731748\" class=\"accordion-icons\">\r\n                        <span class=\"accordion-icon-active accordion-plus\"><i class=\"fas fa-chevron-up\"><\/i><\/span>\r\n                        <span class=\"accordion-icon-inactive accordion-minus\"><i class=\"fas fa-chevron-right\"><\/i><\/span>\r\n                    <\/span>\r\n                    <span id=\"header-text-1776942731748\" class=\"accordions-head-title\">B. FINAN\u010cNA DOKAZILA<\/span>\r\n                            <\/div>\r\n            <div class=\"accordion-content content1776942731748 \">\r\n                <p><div id=\"accordions-11461\" class=\"accordions-11461 accordions\" data-accordions={&quot;lazyLoad&quot;:true,&quot;id&quot;:&quot;11461&quot;,&quot;event&quot;:&quot;click&quot;,&quot;collapsible&quot;:&quot;true&quot;,&quot;heightStyle&quot;:&quot;content&quot;,&quot;animateStyle&quot;:&quot;swing&quot;,&quot;animateDelay&quot;:1000,&quot;navigation&quot;:true,&quot;active&quot;:999,&quot;expandedOther&quot;:&quot;no&quot;,&quot;URLHash&quot;:&quot;no&quot;,&quot;headerToggle&quot;:&quot;no&quot;,&quot;scrollTop&quot;:&quot;no&quot;,&quot;scrollTopOffset&quot;:100,&quot;stats&quot;:&quot;no&quot;}>\r\n                <div id=\"accordions-lazy-11461\" class=\"accordions-lazy\" accordionsId=\"11461\">\r\n                    <\/div>\r\n\r\n    <div class=\"items\"  style=\"display:none\" >\r\n    \r\n            <div post_id=\"11461\" itemcount=\"0\"  header_id=\"header-1776945684426\" id=\"header-1776945684426\" style=\"\" class=\"accordions-head head1776945684426 border-none\" toggle-text=\"\" main-text=\"B1. DOKAZILA O BAN\u010cNIH TRANSAKCIJAH\">\r\n                                    <span id=\"accordion-icons-1776945684426\" class=\"accordion-icons\">\r\n                        <span class=\"accordion-icon-active accordion-plus\"><i class=\"fas fa-chevron-up\"><\/i><\/span>\r\n                        <span class=\"accordion-icon-inactive accordion-minus\"><i class=\"fas fa-chevron-right\"><\/i><\/span>\r\n                    <\/span>\r\n                    <span id=\"header-text-1776945684426\" class=\"accordions-head-title\">B1. DOKAZILA O BAN\u010cNIH TRANSAKCIJAH<\/span>\r\n                            <\/div>\r\n            <div class=\"accordion-content content1776945684426 \">\r\n                <p>Banke so po 142. \u010dlenu Zakona o prepre\u010devanju pranja denarja in financiranju terorizma podatke o osebnih transakcijah dol\u017ene hraniti <span style=\"text-decoration: underline;\">najve\u010d 10 let. <\/span>\u010ce \u017eelite torej v okviru izkazovanja dobe delovanja preko pogodb civilnega prava uveljavljati pogodbeno delo, ki ni starej\u0161e od desetih let, se po ustrezna dokazila lahko obrnete na svojo banko in pridobite izpiske, iz katerih bo razvidno, koliko ste zaslu\u017eili, v katerem obdobju in pri katerem delodajalcu. \u010ce ste v celotnem obdobju uporabljali spletne storitve banke ali sproti arhivirali podatke, je verjetno, da jih boste lahko pridobili samostojno, brez posredovanja ban\u010dnih uslu\u017ebencev, ki pa vam bodo morebiti storitev tudi obra\u010dunali.<\/p>\n<p><span style=\"text-decoration: underline;\">Pri tem naj opozorimo, da so iz izpiskov o transakcijah razvidni neto zneski.<\/span> V kalkulatorju za prera\u010dun dobe delovanja, ki ga najdete v to\u010dki C, boste v primeru, da gre za delo v kulturi preko avtorskih pogodb, na\u0161li tudi zavihek, v katerem lahko neto za posamezna obdobja tovrstnega pogodbenega dela v kulturi, ko se je njihova obdav\u010ditev spreminjala, pretvorite v bruto zneske. To je pomembno, saj se doba delovanja izra\u010dunava na podlagi bruto zneskov.<\/p>\n<p>Pri tem naj opozorimo, da boste bruto in neto zneske iz naslova \u0161tudentskega dela na\u0161li na izpiskih \u0161tudentskih servisov, delo preko podjemnih pogodb v kulturi pa je redko in za ustvarjalce neugodno, zato takega prera\u010duna iz neto v bruto nismo vklju\u010dili.<\/p>\n<p>Tudi sicer velja, da \u010de ste v kulturi delovali pred 10 leti ali ve\u010d oziroma imate te\u017eave pri pretvorbi neto zneskov v bruto zneske, vam svetujemo, da se po <span style=\"text-decoration: underline;\">dokazila o izpla\u010dilih iz naslova pogodbenega dela obrnete na Finan\u010dno upravo RS<\/span> (glej B2).<\/p>\n            <\/div>\r\n    \r\n            <div post_id=\"11461\" itemcount=\"1\"  header_id=\"header-1776945685942\" id=\"header-1776945685942\" style=\"\" class=\"accordions-head head1776945685942 border-none\" toggle-text=\"\" main-text=\"B2. DOKAZILA FINAN\u010cNE UPRAVE REPUBLIKE SLOVENIJE\">\r\n                                    <span id=\"accordion-icons-1776945685942\" class=\"accordion-icons\">\r\n                        <span class=\"accordion-icon-active accordion-plus\"><i class=\"fas fa-chevron-up\"><\/i><\/span>\r\n                        <span class=\"accordion-icon-inactive accordion-minus\"><i class=\"fas fa-chevron-right\"><\/i><\/span>\r\n                    <\/span>\r\n                    <span id=\"header-text-1776945685942\" class=\"accordions-head-title\">B2. DOKAZILA FINAN\u010cNE UPRAVE REPUBLIKE SLOVENIJE<\/span>\r\n                            <\/div>\r\n            <div class=\"accordion-content content1776945685942 \">\r\n                <p>Kot dokazilo o izpla\u010dilu po ZUJIK veljajo tudi dokazila finan\u010dnega urada o ugotovljenih prihodkih na podlagi pogodb civilnega prava. V dru\u0161tvu smo se obrnili na Finan\u010dno upravo Republike Slovenije, da bi poizvedeli, kak\u0161ne podatke samostojni delavci in delavke v kulturi lahko pri njih pridobijo.<\/p>\n<p><strong><!-- \/wp:paragraph --> <!-- wp:paragraph --><\/strong><\/p>\n<p>FURS nam je pojasnil, da vodijo in obdeluje podatke o dohodkih fizi\u010dnih oseb za dav\u010dne namene. Posamezniki lahko tako pri njih pridobijo podatke o dohodkih iz:<br \/>\n\u2022 <span style=\"text-decoration: underline;\">letnih odlo\u010db o odmeri dohodnine oziroma informativnega izra\u010duna dohodnine<\/span>,<br \/>\n\u2022 dav\u010dnih evidenc o dose\u017eenih obdav\u010dljivih dohodkih, ki so bili poro\u010dani prek obra\u010dunov dav\u010dnega odtegljaja (<span style=\"text-decoration: underline;\">REK obrazcev<\/span>).<\/p>\n<p><strong><!-- \/wp:paragraph --> <!-- wp:paragraph --><\/strong><\/p>\n<p>Pojasnili so, da je v\u00a0odlo\u010dbi o odmeri dohodnine\u00a0oz. informativnem izra\u010dunu dohodnine pod vrsto dohodka\u00a0<span style=\"text-decoration: underline;\">\u00bb1230 Preostali dohodki iz drugega pogodbenega razmerja\u00ab<\/span> vklju\u010den se\u0161tevek vseh prejetih dohodkov z drugega pogodbenega razmerja ali razmerja na drugi podlagi, ki niso dohodki iz delovnega razmerja po Zakonu o dohodnini \u2013 ZDoh-2. Iz odlo\u010dbe o odmeri dohodnine, ki je ustrezno dokazilo po ZUJIK, boste tako lahko sklepali na skupni znesek bruto dohodkov iz naslova civilnopravnih pogodb v posameznem letu (avtorskih, podjemnih, drugih civilnopravnih pogodb ter \u0161tudentskega dela), ki jih lahko uporabite v kalkulatorju ter predlo\u017eite Ministrstvu za kulturo kot finan\u010dno dokazilo.<\/p>\n<p><strong><!-- \/wp:paragraph --> <!-- wp:paragraph --><\/strong><\/p>\n<p>Za namen \u0161e natan\u010dnej\u0161ega izkazovanja transakcij ter tako izra\u010dun dobe delovanja po ZUJIK, so \u0161e posebej uporabni REK obrazci, ki so jih za vsakega posameznika od najmanj leta 2008 ob izpla\u010dilu dela po civilnopravnih pogodbah dol\u017eni FURS oddajati naro\u010dniki del. Prosite za podatke za vsa leta, ki jih potrebujete. Na njih boste na\u0161li mdr. podatek o bruto vrednosti izpla\u010dila, vezanega na delo pri posami\u010dnem naro\u010dniku, ki je tisti, ki ga uporabite v Asociacijinem kalkulatorju. Primeri iz na\u0161e servisne prakse pri\u010dajo, da vrsta izpostav finan\u010dne uprave dokazila hrani vse od leta 2005, po zakonu pa so jih dol\u017eni hraniti vsaj od leta 2014 naprej. Dodamo \u0161e, da imate po Splo\u0161ni uredbi o varstvu osebnih podatkov (GDPR) pravico do dostopa podatkov, ki jih obdelujejo javne institucije ter vam je organ dol\u017ean poslati kopijo teh osebnih podatkov, in sicer najkasneje v mesecu dni po oddaji va\u0161ega dopisa.<\/p>\n<p>Za vas smo pripravili vzor\u010dni dopis, ki ga - potem ko izpolnite s svojimi identifikacijskimi podatki ter opredelitvijo let, za katere \u017eelite pridobiti podatke (ozna\u010deno z rumeno) - po\u0161ljite na Finan\u010dno upravo RS, in sicer na elektronski naslov: <a href=\"mailto:gfu.fu@gov.si\">gfu.fu@gov.si<\/a>. Do dopisa, ki ga podpi\u0161ite digitalno ali lastnoro\u010dno, lahko dostopate na spodnji povezavi.<\/p>\n<p>PRENESI VZOREC: <a href=\"https:\/\/www.asociacija.si\/si\/wp-content\/uploads\/2026\/04\/Prosnja-FURS-4_F.docx\">Prosnja-FURS-4_F<\/a><\/p>\n            <\/div>\r\n    <\/div>\r\n\r\n\r\n\r\n\r\n            <\/div><\/p>\n            <\/div>\r\n    \r\n            <div post_id=\"11458\" itemcount=\"2\"  header_id=\"header-1776942732545\" id=\"header-1776942732545\" style=\"\" class=\"accordions-head head1776942732545 border-none\" toggle-text=\"\" main-text=\"C. KALKULATOR ZA IZRA\u010cUN DOBE DELOVANJA NA PODLAGI POGODB CIVILNEGA PRAVA\">\r\n                                    <span id=\"accordion-icons-1776942732545\" class=\"accordion-icons\">\r\n                        <span class=\"accordion-icon-active accordion-plus\"><i class=\"fas fa-chevron-up\"><\/i><\/span>\r\n                        <span class=\"accordion-icon-inactive accordion-minus\"><i class=\"fas fa-chevron-right\"><\/i><\/span>\r\n                    <\/span>\r\n                    <span id=\"header-text-1776942732545\" class=\"accordions-head-title\">C. KALKULATOR ZA IZRA\u010cUN DOBE DELOVANJA NA PODLAGI POGODB CIVILNEGA PRAVA<\/span>\r\n                            <\/div>\r\n            <div class=\"accordion-content content1776942732545 \">\r\n                <p>V Asociaciji smo pripravili <span style=\"text-decoration: underline;\">kalkulator za izra\u010dun dobe delovanja na podlagi pogodbenega dela<\/span>, s katerim lahko pripravite podatke za izpolnjevanje vloge. Navodila za izpolnjevanje najdete v prvem zavihku excelove datoteke. Predlagamo, da excelov dokument, ko ga izpolnite in shranite, v podporo opredelitvi izra\u010duna dobe delovanja prilo\u017eite svoji vlogi, ki jo po\u0161ljete na Ministrstvo za kulturo.<\/p>\n<p>Kalkulator lahko prenesete s klikom na spodnjo povezavo. \u010ce kalkulatorja pri prera\u010dunu ne boste uporabili, lahko za dokazovanje dobe delovanja na osnovi vseh relevantnih oblik pogodbenega dela po letu 2014 ali 2025 uporabite tudi izpisek ZPIZ, ki pa bo manj ugoden. Izra\u010dun po ZUJIK in ZPIS se v primeru pogodbenega dela namre\u010d razlikuje. Kako pridobite omenjeni izpisek, pojasnjujemo v razdelku D 2. to\u010dke servisnega \u010dlanka.<\/p>\n<p>Posebej opozarjamo, da morate zneske, ki jih vna\u0161ate v kalkulator, vnesti v bruto izrazu (in ne neto ali bruto II). V bruto je namre\u010d v zakonu in sicer dolo\u010dena minimalna pla\u010da v RS.<\/p>\n<p>PRENESI: <a href=\"https:\/\/www.asociacija.si\/si\/wp-content\/uploads\/2026\/04\/KARIERNA-DINAMIKA-KALKULATOR-5.xlsx\">KARIERNA DINAMIKA KALKULATOR<\/a><\/p>\n            <\/div>\r\n    <\/div>\r\n\r\n\r\n\r\n\r\n            <\/div><\/p>\n            <\/div>\r\n    \r\n            <div post_id=\"11454\" itemcount=\"3\"  header_id=\"header-1776942151705\" id=\"header-1776942151705\" style=\"\" class=\"accordions-head head1776942151705 border-none\" toggle-text=\"\" main-text=\"4. UVELJAVLJANJE DOBE DELOVANJA NA OSNOVI KOMBINIRANIH PODLAG\">\r\n                                    <span id=\"accordion-icons-1776942151705\" class=\"accordion-icons\">\r\n                        <span class=\"accordion-icon-active accordion-plus\"><i class=\"fas fa-chevron-up\"><\/i><\/span>\r\n                        <span class=\"accordion-icon-inactive accordion-minus\"><i class=\"fas fa-chevron-right\"><\/i><\/span>\r\n                    <\/span>\r\n                    <span id=\"header-text-1776942151705\" class=\"accordions-head-title\">4. UVELJAVLJANJE DOBE DELOVANJA NA OSNOVI KOMBINIRANIH PODLAG<\/span>\r\n                            <\/div>\r\n            <div class=\"accordion-content content1776942151705 \">\r\n                <p>\u010ce uveljavljate kombinacijo delne zaposlitve in delne samozaposlitve, je po mnenju Asociacije smiselno, da izka\u017eete, da ste bili v obvezna zavarovanja v dolo\u010denem obdobju skupno vklju\u010deni za polni delovni \u010das. Za isto obdobje podajte ustrezna dokazila za obe podlagi vklju\u010ditve v zavarovanja v skladu s koraki, opredeljenimi v to\u010dki 2 servisnega \u010dlanka.<\/p>\n<p>V primeru, da ste bili zaposleni ali samozaposleni za kraj\u0161i delovni \u010das, sicer pa ste delo opravljali preko pogodb civilnega prava, v Asociaciji menimo, da se vam navkljub zakonskem dolo\u010dilu mora v tem obdobju priznati tudi delo preko pogodb civilnega prava. Pri tem opozarjamo, da si bo morebiti pravi\u010dnej\u0161o ureditev \u0161e priboriti in je na tem mestu pomembno, da si vsi prizadevamo, da se ta posku\u0161a in tudi uveljavi v praksi. Na\u0161e mnenje je sicer utemeljeno v pojasnilu Zavoda za pokojninsko in invalidsko zavarovanje, kjer so nam na na\u0161o poizvedbo pojasnili, da v skladu z <a href=\"https:\/\/pisrs.si\/pregledPredpisa?id=ZAKO6280\">18. \u010dlenom ZPIZ-2<\/a> v primerih, kadar posameznik ni zavarovan na osnovi zaposlitve ali samozaposlitve za polni delovni \u010das, pri izra\u010dunu pokojninske dobe do polne osnove upo\u0161tevajo dohodke iz naslova avtorskih in drugih pogodb civilnega prava. \u010ce primer va\u0161ega preteklega dela v kulturi pomeni opisan polo\u017eaj, tako priporo\u010damo, da za dolo\u010deno obdobje kombinirate navodila in dokazila iz 2. in 3. to\u010dke.<\/p>\n            <\/div>\r\n    <\/div>\r\n\r\n\r\n\r\n\r\n            <\/div>\n\n\n\n<p><\/p>\n\n\n\n<p>Dodajamo \u0161e, da smo na naslovu <a href=\"mailto:servis@asociacija.si\">servis@asociacija.si<\/a> dosegljivi, \u010de na kak\u0161no vpra\u0161anje v servisnem \u010dlanku morebiti nismo odgovorili. <\/p>\n\n\n\n<p><span style=\"text-decoration: underline;\"><strong>Hvale\u017eni pa vam bomo \u0161e posebej<\/strong>, \u010de nam javljate posebnosti ali morebitne zaplete, na katere pri uveljavljanju pravic morebiti naletite, da se bomo nanje lahko ustrezno odzvali.<\/span><\/p>\n","protected":false},"excerpt":{"rendered":"<p>V spodnjem prispevku vam po korakih pojasnjujemo, kako oddati vlogo za karierno dinamiko v skladu z 82. \u010dlenom Zakona o uresni\u010devanju javnega interesa za kulturo. Vsem, ki imate status samostojnega delavca v kulturi, mo\u010dno svetujemo, da si vzamete \u010das in vlogo izpolnite ter po\u0161ljete. Samo tako si lahko zagotovite, da vas Ministrstvo za kulturo umesti &hellip; <a href=\"https:\/\/www.asociacija.si\/si\/2026\/04\/23\/servis-kako-oddati-vlogo-za-karierno-dinamiko\/\" class=\"more-link\">Preberi ve\u010d o <span class=\"screen-reader-text\">SERVIS: Kako oddati vlogo za karierno dinamiko<\/span><\/a><\/p>\n","protected":false},"author":5,"featured_media":0,"comment_status":"closed","ping_status":"closed","sticky":false,"template":"","format":"standard","meta":{"footnotes":""},"categories":[27,37,26,15,1,22,23,35,13],"tags":[],"class_list":["post-11303","post","type-post","status-publish","format-standard","hentry","category-asociacija","category-kulturosfera","category-ministrstvo-za-kulturo","category-nacionalno","category-nekategorizirano","category-nevladne-organizacije","category-samostojni-ustvarjalci","category-servis","category-zagovornistvo"],"_links":{"self":[{"href":"https:\/\/www.asociacija.si\/si\/wp-json\/wp\/v2\/posts\/11303","targetHints":{"allow":["GET"]}}],"collection":[{"href":"https:\/\/www.asociacija.si\/si\/wp-json\/wp\/v2\/posts"}],"about":[{"href":"https:\/\/www.asociacija.si\/si\/wp-json\/wp\/v2\/types\/post"}],"author":[{"embeddable":true,"href":"https:\/\/www.asociacija.si\/si\/wp-json\/wp\/v2\/users\/5"}],"replies":[{"embeddable":true,"href":"https:\/\/www.asociacija.si\/si\/wp-json\/wp\/v2\/comments?post=11303"}],"version-history":[{"count":132,"href":"https:\/\/www.asociacija.si\/si\/wp-json\/wp\/v2\/posts\/11303\/revisions"}],"predecessor-version":[{"id":11478,"href":"https:\/\/www.asociacija.si\/si\/wp-json\/wp\/v2\/posts\/11303\/revisions\/11478"}],"wp:attachment":[{"href":"https:\/\/www.asociacija.si\/si\/wp-json\/wp\/v2\/media?parent=11303"}],"wp:term":[{"taxonomy":"category","embeddable":true,"href":"https:\/\/www.asociacija.si\/si\/wp-json\/wp\/v2\/categories?post=11303"},{"taxonomy":"post_tag","embeddable":true,"href":"https:\/\/www.asociacija.si\/si\/wp-json\/wp\/v2\/tags?post=11303"}],"curies":[{"name":"wp","href":"https:\/\/api.w.org\/{rel}","templated":true}]}}