{"id":11300,"date":"2026-04-28T07:49:33","date_gmt":"2026-04-28T07:49:33","guid":{"rendered":"https:\/\/www.asociacija.si\/si\/?p=11300"},"modified":"2026-04-28T07:49:34","modified_gmt":"2026-04-28T07:49:34","slug":"vsebinske-nvo-mreze-kljucni-oviri-sta-pomanjkanje-sredstev-in-kadra","status":"publish","type":"post","link":"https:\/\/www.asociacija.si\/si\/2026\/04\/28\/vsebinske-nvo-mreze-kljucni-oviri-sta-pomanjkanje-sredstev-in-kadra\/","title":{"rendered":"Vsebinske NVO mre\u017ee: klju\u010dni oviri sta pomanjkanje sredstev in kadra"},"content":{"rendered":"\n<p>Konzorcij vsebinskih mre\u017e Slovenije je v okviru projekta <em>Krepitev vsebinskih mre\u017e nevladnih organizacij za kakovostne javne politike<\/em> izvedel analizo delovanja vsebinskih mre\u017e nevladnih organizacij. Analiza je nastala na podlagi vpra\u0161alnika, ki so ga v konzorciju posredovali enajstim vsebinskim NVO mre\u017eam s podro\u010dij zdravstvenega varstva, okolja, kulture, mladih, sociale, razvojnega sodelovanja, informacijske dru\u017ebe in humanitarne pomo\u010di. <\/p>\n\n\n\n<p>Analiza, ki sloni tudi na odgovorih Asociacije, je pri tem razkrila klju\u010dne te\u017eave, s katerimi se soo\u010dajo vsebinske NVO mre\u017ee v Sloveniji. Prevladujejo predvsem te\u017eave, povezane s financiranjem in zaposlovanjem strokovnega kadra.<\/p>\n\n\n\n<!--more-->\n\n\n\n<p>Glavni organizacijski izzivi, ki jih mre\u017ee izpostavljajo, so predvsem pomanjkanje stabilnih finan\u010dnih virov in profesionalnega kadra za delovanje in izvajanje aktivnosti mre\u017ee. Ve\u010dina mre\u017e kot osrednji te\u017eavi pri sodelovanju s \u010dlanstvom navaja neodzivnost in neaktivnost \u010dlanov ter nezadostne kapacitete \u010dlanov za sodelovanje v mre\u017ei. Izziv ob tem ostaja zaznavna odvisnost mre\u017e od enkratnih ali istih financerjev, pomanjkanje sredstev za izvajanje ve\u010dletnih programov in te\u017eave pri iskanju primernih donatorjev ali financerjev. <\/p>\n\n\n\n<p>Mre\u017ee so poro\u010dale, da so pove\u010dini u\u010dinkovite pri vplivanju na odlo\u010devalce, a je njihov uspeh pogosto odvisen od motivacije in anga\u017eiranosti posameznikov. Tudi za delovanje na mednarodnem podro\u010dju mre\u017eam pogosto primanjkuje ustrezen strokovni kader, poro\u010dajo pa tudi o te\u017eavah pri pokrivanju \u010dlanarin v evropskih mre\u017eah.<\/p>\n\n\n\n<p>Do analize konzorcija, ki lahko odlo\u010devalcem slu\u017ei v usmeritev pri razvoju in oblikovanju ukrepov za krepitev tega segmenta podpornega NVO okolja, tudi v kulturi, \u010deravno je Asociacija v marsi\u010demer v danem trenutku lahko svetel zgled, lahko v celoti dostopate na spodnji povezavi:<\/p>\n\n\n\n<figure class=\"wp-block-embed is-type-wp-embed is-provider-konzorcij-vsebinskih-mre-nevladnih-organizacij-slovenije wp-block-embed-konzorcij-vsebinskih-mre-nevladnih-organizacij-slovenije\"><div class=\"wp-block-embed__wrapper\">\n<blockquote class=\"wp-embedded-content\" data-secret=\"55bYbAwGyZ\"><a href=\"https:\/\/www.nevladni.info\/analiza-vpliva-dolgotrajne-odsotnosti-financiranja-na-delovanje-vsebinskih-mrez-nvo\/\">Analiza vpliva dolgotrajne odsotnosti financiranja na delovanje vsebinskih mre\u017e NVO<\/a><\/blockquote><iframe loading=\"lazy\" class=\"wp-embedded-content\" sandbox=\"allow-scripts\" security=\"restricted\" style=\"position: absolute; visibility: hidden;\" title=\"&#8220;Analiza vpliva dolgotrajne odsotnosti financiranja na delovanje vsebinskih mre\u017e NVO&#8221; &#8212; Konzorcij vsebinskih mre\u017e nevladnih organizacij Slovenije\" src=\"https:\/\/www.nevladni.info\/analiza-vpliva-dolgotrajne-odsotnosti-financiranja-na-delovanje-vsebinskih-mrez-nvo\/embed\/#?secret=4fPBbkpFpt#?secret=55bYbAwGyZ\" data-secret=\"55bYbAwGyZ\" width=\"600\" height=\"338\" frameborder=\"0\" marginwidth=\"0\" marginheight=\"0\" scrolling=\"no\"><\/iframe>\n<\/div><\/figure>\n","protected":false},"excerpt":{"rendered":"<p>Konzorcij vsebinskih mre\u017e Slovenije je v okviru projekta Krepitev vsebinskih mre\u017e nevladnih organizacij za kakovostne javne politike izvedel analizo delovanja vsebinskih mre\u017e nevladnih organizacij. Analiza je nastala na podlagi vpra\u0161alnika, ki so ga v konzorciju posredovali enajstim vsebinskim NVO mre\u017eam s podro\u010dij zdravstvenega varstva, okolja, kulture, mladih, sociale, razvojnega sodelovanja, informacijske dru\u017ebe in humanitarne pomo\u010di. &hellip; <a href=\"https:\/\/www.asociacija.si\/si\/2026\/04\/28\/vsebinske-nvo-mreze-kljucni-oviri-sta-pomanjkanje-sredstev-in-kadra\/\" class=\"more-link\">Preberi ve\u010d o <span class=\"screen-reader-text\">Vsebinske NVO mre\u017ee: klju\u010dni oviri sta pomanjkanje sredstev in kadra<\/span><\/a><\/p>\n","protected":false},"author":5,"featured_media":0,"comment_status":"closed","ping_status":"closed","sticky":false,"template":"","format":"standard","meta":{"footnotes":""},"categories":[27,37,16,12,15,1,22,3,11,13],"tags":[],"class_list":["post-11300","post","type-post","status-publish","format-standard","hentry","category-asociacija","category-kulturosfera","category-mednarodno","category-medsektorsko-povezovanje","category-nacionalno","category-nekategorizirano","category-nevladne-organizacije","category-novice","category-raziskave","category-zagovornistvo"],"_links":{"self":[{"href":"https:\/\/www.asociacija.si\/si\/wp-json\/wp\/v2\/posts\/11300","targetHints":{"allow":["GET"]}}],"collection":[{"href":"https:\/\/www.asociacija.si\/si\/wp-json\/wp\/v2\/posts"}],"about":[{"href":"https:\/\/www.asociacija.si\/si\/wp-json\/wp\/v2\/types\/post"}],"author":[{"embeddable":true,"href":"https:\/\/www.asociacija.si\/si\/wp-json\/wp\/v2\/users\/5"}],"replies":[{"embeddable":true,"href":"https:\/\/www.asociacija.si\/si\/wp-json\/wp\/v2\/comments?post=11300"}],"version-history":[{"count":2,"href":"https:\/\/www.asociacija.si\/si\/wp-json\/wp\/v2\/posts\/11300\/revisions"}],"predecessor-version":[{"id":11479,"href":"https:\/\/www.asociacija.si\/si\/wp-json\/wp\/v2\/posts\/11300\/revisions\/11479"}],"wp:attachment":[{"href":"https:\/\/www.asociacija.si\/si\/wp-json\/wp\/v2\/media?parent=11300"}],"wp:term":[{"taxonomy":"category","embeddable":true,"href":"https:\/\/www.asociacija.si\/si\/wp-json\/wp\/v2\/categories?post=11300"},{"taxonomy":"post_tag","embeddable":true,"href":"https:\/\/www.asociacija.si\/si\/wp-json\/wp\/v2\/tags?post=11300"}],"curies":[{"name":"wp","href":"https:\/\/api.w.org\/{rel}","templated":true}]}}