{"id":10378,"date":"2025-10-10T10:33:28","date_gmt":"2025-10-10T10:33:28","guid":{"rendered":"https:\/\/www.asociacija.si\/si\/?p=10378"},"modified":"2025-10-28T16:02:28","modified_gmt":"2025-10-28T16:02:28","slug":"vec-umetnosti-vec-dobrega-pocutja-kampanja-ozavescanja-care","status":"publish","type":"post","link":"https:\/\/www.asociacija.si\/si\/2025\/10\/10\/vec-umetnosti-vec-dobrega-pocutja-kampanja-ozavescanja-care\/","title":{"rendered":"Ve\u010d umetnosti, ve\u010d dobrega po\u010dutja: kampanja ozave\u0161\u010danja CARE"},"content":{"rendered":"<div class=\"wp-block-image\">\n<figure class=\"aligncenter size-large is-resized\"><img loading=\"lazy\" decoding=\"async\" width=\"819\" height=\"1024\" src=\"https:\/\/www.asociacija.si\/si\/wp-content\/uploads\/2025\/10\/CARE_Art_Single_Post-819x1024.jpg\" alt=\"\" class=\"wp-image-10379\" style=\"width:390px;height:auto\" srcset=\"https:\/\/www.asociacija.si\/si\/wp-content\/uploads\/2025\/10\/CARE_Art_Single_Post-819x1024.jpg 819w, https:\/\/www.asociacija.si\/si\/wp-content\/uploads\/2025\/10\/CARE_Art_Single_Post-240x300.jpg 240w, https:\/\/www.asociacija.si\/si\/wp-content\/uploads\/2025\/10\/CARE_Art_Single_Post-768x960.jpg 768w, https:\/\/www.asociacija.si\/si\/wp-content\/uploads\/2025\/10\/CARE_Art_Single_Post-1229x1536.jpg 1229w, https:\/\/www.asociacija.si\/si\/wp-content\/uploads\/2025\/10\/CARE_Art_Single_Post-1639x2048.jpg 1639w, https:\/\/www.asociacija.si\/si\/wp-content\/uploads\/2025\/10\/CARE_Art_Single_Post-scaled.jpg 2048w\" sizes=\"auto, (max-width: 819px) 100vw, 819px\" \/><\/figure>\n<\/div>\n\n\n<p><strong>Ve\u010d kot se vklju\u010dujemo v umetnost in kulturo \u2013 tako z ustvarjanjem kot z do\u017eivljanjem \u2013 bolj smo pomirjeni, uravnote\u017eeni, v stiku s sabo in svetom okoli nas. Umetnost in kultura imata izjemno mo\u010d, da nas potegneta iz lastnih misli, usmerita k bistvenemu in nas pove\u017eeta med seboj. Zato ve\u010d umetnosti pomeni ve\u010d tebe.<\/strong><\/p>\n\n\n\n<p>Du\u0161evne stiske so v porastu po vsej Evropi, trenutno prizadenejo ve\u010d kot 85 milijonov ljudi. Projekt <strong>CARE \u2013 Culture for Mental Health<\/strong> ponuja nov, ustvarjalen pristop k njihovemu re\u0161evanju in spodbuja dru\u017ebene spremembe skozi kulturo. Z vklju\u010devanjem umetnosti in kulture v strategije za du\u0161evno zdravje \u017eeli CARE prispevati k bolj\u0161emu zdravju in dobremu po\u010dutju mladih, zaposlenih in ranljivih skupnosti po vsej Evropi.<\/p>\n\n\n\n<!--more-->\n\n\n\n<p>Na podlagi izku\u0161enj projektov <strong><a href=\"https:\/\/art-wellbeing.eu\/\">Art&amp;Well-being<\/a><\/strong> in <strong><a href=\"https:\/\/www.cultureforhealth.eu\/\">CultureForHealth<\/a><\/strong> projekt CARE spodbuja medsektorsko sodelovanje med podro\u010dji kulture, zdravja, socialnih storitev, gospodarstva in izobra\u017eevanja ter promovira kulturno udejstvovanje kot na\u010din izbolj\u0161anja du\u0161evnega zdravja in dobrega po\u010dutja posameznikov in skupnosti.<br>Cilj projekta je ponuditi re\u0161itve tako na sistemski kot na individualni ravni, z vklju\u010devanjem umetnosti in kulture v druge sektorje za podporo du\u0161evnemu zdravju v Evropi. Projekt obenem krepi znanja strokovnjakov zgoraj omenjenih vklju\u010denih podro\u010dij, vzpostavlja inovacijske laboratorije na podro\u010dju umetnosti in zdravja ter spodbuja razumevanje koristi kulturnih pristopov k du\u0161evnemu zdravju na evropski, nacionalni in lokalni ravni.<\/p>\n\n\n\n<p><strong>Odkrijte najnovej\u0161o kampanjo projekta!<\/strong><\/p>\n\n\n\n<p><br>Ve\u010d o ozave\u0161\u010devalni kampanji CARE si lahko preberete <a href=\"https:\/\/culturecares.eu\/resources\/more-arts-more-wellbeing-care-awareness-raising-campaign\/\">na spletni strani projekta<\/a>.<br><a href=\"http:\/\/eepurl.com\/jmKp6s\">Prijavite se tudi na projektni novi\u010dnik<\/a> in ostanite obve\u0161\u010deni (pribli\u017eno 1 novi\u010dnik na mesec).<\/p>\n\n\n\n<hr class=\"wp-block-separator has-alpha-channel-opacity\"\/>\n\n\n\n<figure class=\"wp-block-image size-large\"><img loading=\"lazy\" decoding=\"async\" width=\"819\" height=\"1024\" src=\"https:\/\/www.asociacija.si\/si\/wp-content\/uploads\/2025\/10\/CARE_Music-5-819x1024.jpg\" alt=\"\" class=\"wp-image-10380\" srcset=\"https:\/\/www.asociacija.si\/si\/wp-content\/uploads\/2025\/10\/CARE_Music-5-819x1024.jpg 819w, https:\/\/www.asociacija.si\/si\/wp-content\/uploads\/2025\/10\/CARE_Music-5-240x300.jpg 240w, https:\/\/www.asociacija.si\/si\/wp-content\/uploads\/2025\/10\/CARE_Music-5-768x960.jpg 768w, https:\/\/www.asociacija.si\/si\/wp-content\/uploads\/2025\/10\/CARE_Music-5-1229x1536.jpg 1229w, https:\/\/www.asociacija.si\/si\/wp-content\/uploads\/2025\/10\/CARE_Music-5-1639x2048.jpg 1639w, https:\/\/www.asociacija.si\/si\/wp-content\/uploads\/2025\/10\/CARE_Music-5-scaled.jpg 2048w\" sizes=\"auto, (max-width: 819px) 100vw, 819px\" \/><\/figure>\n\n\n\n<h3 class=\"wp-block-heading\">Partnerji in financiranje<\/h3>\n\n\n\n<p><strong>Koordinator:<\/strong> Cluj Cultural Centre<br><strong>Partnerji:<\/strong><\/p>\n\n\n\n<ul class=\"wp-block-list\">\n<li>European Festivals Association<\/li>\n\n\n\n<li>Dru\u0161tvo Asociacija<\/li>\n\n\n\n<li>Culture Action Europe<\/li>\n\n\n\n<li>Northern Dimension Partnership on Culture<\/li>\n\n\n\n<li>ARTS for HEALTH AUSTRIA (AfHA)<\/li>\n\n\n\n<li>Bozar Center for Fine Arts Bruxelles<\/li>\n<\/ul>\n\n\n\n<p>Projekt <strong>CARE \u2013 Culture for Mental Health<\/strong> ima skupni prora\u010dun v vi\u0161ini <strong>1,4 milijona evrov<\/strong> in bo trajal <strong>tri leta<\/strong>, od novembra 2024 do decembra 2027.<br>Program financira <strong>Ustvarjalna Evropa (Creative Europe)<\/strong> Evropske unije, projekt pa zdru\u017euje strokovnjake z vse Evrope, ki raziskujejo prese\u010di\u0161\u010de umetnosti, kulture in du\u0161evnega zdravja za bolj zdravo prihodnost.<\/p>\n","protected":false},"excerpt":{"rendered":"<p>Ve\u010d kot se vklju\u010dujemo v umetnost in kulturo \u2013 tako z ustvarjanjem kot z do\u017eivljanjem \u2013 bolj smo pomirjeni, uravnote\u017eeni, v stiku s sabo in svetom okoli nas. Umetnost in kultura imata izjemno mo\u010d, da nas potegneta iz lastnih misli, usmerita k bistvenemu in nas pove\u017eeta med seboj. Zato ve\u010d umetnosti pomeni ve\u010d tebe. Du\u0161evne &hellip; <a href=\"https:\/\/www.asociacija.si\/si\/2025\/10\/10\/vec-umetnosti-vec-dobrega-pocutja-kampanja-ozavescanja-care\/\" class=\"more-link\">Preberi ve\u010d o <span class=\"screen-reader-text\">Ve\u010d umetnosti, ve\u010d dobrega po\u010dutja: kampanja ozave\u0161\u010danja CARE<\/span><\/a><\/p>\n","protected":false},"author":5,"featured_media":0,"comment_status":"closed","ping_status":"closed","sticky":false,"template":"","format":"standard","meta":{"footnotes":""},"categories":[40,52,55,54,74,37,16,13],"tags":[],"class_list":["post-10378","post","type-post","status-publish","format-standard","hentry","category-aktualni-projekti","category-care","category-kultura-zdravje","category-kultura-dusevno","category-kultura-dusevno-main","category-kulturosfera","category-mednarodno","category-zagovornistvo"],"_links":{"self":[{"href":"https:\/\/www.asociacija.si\/si\/wp-json\/wp\/v2\/posts\/10378","targetHints":{"allow":["GET"]}}],"collection":[{"href":"https:\/\/www.asociacija.si\/si\/wp-json\/wp\/v2\/posts"}],"about":[{"href":"https:\/\/www.asociacija.si\/si\/wp-json\/wp\/v2\/types\/post"}],"author":[{"embeddable":true,"href":"https:\/\/www.asociacija.si\/si\/wp-json\/wp\/v2\/users\/5"}],"replies":[{"embeddable":true,"href":"https:\/\/www.asociacija.si\/si\/wp-json\/wp\/v2\/comments?post=10378"}],"version-history":[{"count":4,"href":"https:\/\/www.asociacija.si\/si\/wp-json\/wp\/v2\/posts\/10378\/revisions"}],"predecessor-version":[{"id":10418,"href":"https:\/\/www.asociacija.si\/si\/wp-json\/wp\/v2\/posts\/10378\/revisions\/10418"}],"wp:attachment":[{"href":"https:\/\/www.asociacija.si\/si\/wp-json\/wp\/v2\/media?parent=10378"}],"wp:term":[{"taxonomy":"category","embeddable":true,"href":"https:\/\/www.asociacija.si\/si\/wp-json\/wp\/v2\/categories?post=10378"},{"taxonomy":"post_tag","embeddable":true,"href":"https:\/\/www.asociacija.si\/si\/wp-json\/wp\/v2\/tags?post=10378"}],"curies":[{"name":"wp","href":"https:\/\/api.w.org\/{rel}","templated":true}]}}